{"id":546,"date":"2019-10-21T16:52:08","date_gmt":"2019-10-21T19:52:08","guid":{"rendered":"http:\/\/www.confere.org.br\/wordpress\/?p=546"},"modified":"2019-11-14T13:34:05","modified_gmt":"2019-11-14T16:34:05","slug":"posse-dos-novos-conselheiros-do-core-pa","status":"publish","type":"post","link":"https:\/\/www.confere.org.br\/wordpress\/posse-dos-novos-conselheiros-do-core-pa\/","title":{"rendered":"Posse dos novos conselheiros do Core-PA"},"content":{"rendered":"\n<p>Em solenidade que contou com a presen\u00e7a de autoridades do Estado do Par\u00e1, o diretor-presidente do Conselho Federal dos Representantes Comerciais, Dr. Manoel Affonso Mendes, deu posse aos novos conselheiros do Core-PA, eleitos em pleito direto realizado pelo Confere, para o tri\u00eanio 2019\/2022. Foi reeleito, o presidente Hely Ricardo de Lima, que reafirmou o compromisso de continuar lutando pelo reconhecimento e fortalecimento da categoria dos representantes comerciais do Estado do Par\u00e1. O evento teve como cerimonialista a rep\u00f3rter K\u00e1tia Corr\u00eaa, da TV Liberal. <\/p>\n\n\n\n<div style=\"height:30px\" aria-hidden=\"true\" class=\"wp-block-spacer\"><\/div>\n\n\n\n<figure class=\"wp-block-image is-resized\"><img src=\"https:\/\/www.confere.org.br\/wordpress\/wp-content\/uploads\/2019\/10\/POSSE-DOS-NOVOS-CONSELHEIROS-DO-CORE-PA_2-1024x546.jpg\" alt=\"\" class=\"wp-image-548\" width=\"1024\" height=\"546\" srcset=\"https:\/\/www.confere.org.br\/wordpress\/wp-content\/uploads\/2019\/10\/POSSE-DOS-NOVOS-CONSELHEIROS-DO-CORE-PA_2-1024x546.jpg 1024w, https:\/\/www.confere.org.br\/wordpress\/wp-content\/uploads\/2019\/10\/POSSE-DOS-NOVOS-CONSELHEIROS-DO-CORE-PA_2-300x160.jpg 300w, https:\/\/www.confere.org.br\/wordpress\/wp-content\/uploads\/2019\/10\/POSSE-DOS-NOVOS-CONSELHEIROS-DO-CORE-PA_2-768x409.jpg 768w, https:\/\/www.confere.org.br\/wordpress\/wp-content\/uploads\/2019\/10\/POSSE-DOS-NOVOS-CONSELHEIROS-DO-CORE-PA_2.jpg 1236w\" sizes=\"(max-width: 1024px) 100vw, 1024px\" \/><\/figure>\n\n\n\n<div style=\"height:30px\" aria-hidden=\"true\" class=\"wp-block-spacer\"><\/div>\n\n\n\n<ul class=\"wp-container-2 wp-block-gallery-1 wp-block-gallery columns-1 is-cropped\"><li class=\"blocks-gallery-item\"><figure><img width=\"1024\" height=\"768\" src=\"https:\/\/www.confere.org.br\/wordpress\/wp-content\/uploads\/2019\/10\/POSSE-DOS-NOVOS-CONSELHEIROS-DO-CORE-PA_1-1024x768.jpg\" alt=\"\" data-id=\"547\" data-link=\"https:\/\/www.confere.org.br\/wordpress\/posse-dos-novos-conselheiros-do-core-pa\/posse-dos-novos-conselheiros-do-core-pa_1\/\" class=\"wp-image-547\" srcset=\"https:\/\/www.confere.org.br\/wordpress\/wp-content\/uploads\/2019\/10\/POSSE-DOS-NOVOS-CONSELHEIROS-DO-CORE-PA_1.jpg 1024w, https:\/\/www.confere.org.br\/wordpress\/wp-content\/uploads\/2019\/10\/POSSE-DOS-NOVOS-CONSELHEIROS-DO-CORE-PA_1-300x225.jpg 300w, https:\/\/www.confere.org.br\/wordpress\/wp-content\/uploads\/2019\/10\/POSSE-DOS-NOVOS-CONSELHEIROS-DO-CORE-PA_1-768x576.jpg 768w\" sizes=\"(max-width: 1024px) 100vw, 1024px\" \/><\/figure><\/li><\/ul>\n\n\n\n<div style=\"height:30px\" aria-hidden=\"true\" class=\"wp-block-spacer\"><\/div>\n","protected":false},"excerpt":{"rendered":"<p>Foi reeleito, o presidente Hely Ricardo de Lima, que reafirmou o compromisso de continuar lutando pelo reconhecimento e fortalecimento da categoria do estado<\/p>\n","protected":false},"author":1,"featured_media":1183,"comment_status":"closed","ping_status":"open","sticky":false,"template":"","format":"standard","meta":[],"categories":[34,49],"tags":[],"_links":{"self":[{"href":"https:\/\/www.confere.org.br\/wordpress\/wp-json\/wp\/v2\/posts\/546"}],"collection":[{"href":"https:\/\/www.confere.org.br\/wordpress\/wp-json\/wp\/v2\/posts"}],"about":[{"href":"https:\/\/www.confere.org.br\/wordpress\/wp-json\/wp\/v2\/types\/post"}],"author":[{"embeddable":true,"href":"https:\/\/www.confere.org.br\/wordpress\/wp-json\/wp\/v2\/users\/1"}],"replies":[{"embeddable":true,"href":"https:\/\/www.confere.org.br\/wordpress\/wp-json\/wp\/v2\/comments?post=546"}],"version-history":[{"count":14,"href":"https:\/\/www.confere.org.br\/wordpress\/wp-json\/wp\/v2\/posts\/546\/revisions"}],"predecessor-version":[{"id":1144,"href":"https:\/\/www.confere.org.br\/wordpress\/wp-json\/wp\/v2\/posts\/546\/revisions\/1144"}],"wp:featuredmedia":[{"embeddable":true,"href":"https:\/\/www.confere.org.br\/wordpress\/wp-json\/wp\/v2\/media\/1183"}],"wp:attachment":[{"href":"https:\/\/www.confere.org.br\/wordpress\/wp-json\/wp\/v2\/media?parent=546"}],"wp:term":[{"taxonomy":"category","embeddable":true,"href":"https:\/\/www.confere.org.br\/wordpress\/wp-json\/wp\/v2\/categories?post=546"},{"taxonomy":"post_tag","embeddable":true,"href":"https:\/\/www.confere.org.br\/wordpress\/wp-json\/wp\/v2\/tags?post=546"}],"curies":[{"name":"wp","href":"https:\/\/api.w.org\/{rel}","templated":true}]}}