{"id":5507,"date":"2021-07-15T11:49:24","date_gmt":"2021-07-15T14:49:24","guid":{"rendered":"https:\/\/www.confere.org.br\/wordpress\/?p=5507"},"modified":"2021-07-15T11:49:24","modified_gmt":"2021-07-15T14:49:24","slug":"confianca-do-comerciante-sobe-novamente-e-volta-a-zona-de-satisfacao","status":"publish","type":"post","link":"https:\/\/www.confere.org.br\/wordpress\/confianca-do-comerciante-sobe-novamente-e-volta-a-zona-de-satisfacao\/","title":{"rendered":"Confian\u00e7a do comerciante sobe novamente e volta \u00e0 zona de satisfa\u00e7\u00e3o"},"content":{"rendered":"\n<p>A confian\u00e7a do comerciante brasileiro subiu pela segunda vez consecutiva em julho, de acordo com o \u00cdndice de Confian\u00e7a do Empres\u00e1rio do Com\u00e9rcio (Icec), apurado pela Confedera\u00e7\u00e3o Nacional do Com\u00e9rcio de Bens, Servi\u00e7os e Turismo (CNC).<img src=\"https:\/\/agenciabrasil.ebc.com.br\/ebc.png?id=1415536&amp;o=node\"><img src=\"https:\/\/agenciabrasil.ebc.com.br\/ebc.gif?id=1415536&amp;o=node\"><\/p>\n\n\n\n<p>\u201cO indicador seguiu ascendendo em um ritmo forte, com avan\u00e7o de 11,7% em rela\u00e7\u00e3o ao m\u00eas anterior, chegou a 107,8 pontos e voltou para a zona de satisfa\u00e7\u00e3o, o que n\u00e3o acontecia desde mar\u00e7o deste ano. Em compara\u00e7\u00e3o com julho de 2020, o crescimento foi ainda maior: 55,6%\u201d, informou a CNC.<\/p>\n\n\n\n<p>De acordo com a pesquisa, o resultado renovou a tend\u00eancia otimista verificada em junho, quando o Icec registrou crescimento mensal de 12,2% e encerrou um per\u00edodo de cinco quedas seguidas.<\/p>\n\n\n\n<p>\u201cO \u00edndice passou a refletir o alento das expectativas dos comerciantes quanto \u00e0 evolu\u00e7\u00e3o das medidas de estabiliza\u00e7\u00e3o econ\u00f4mica. A avalia\u00e7\u00e3o positiva retrata, principalmente, a percep\u00e7\u00e3o de que as condi\u00e7\u00f5es gerais da economia est\u00e3o mais favor\u00e1veis\u201d, disse, em nota, o presidente da CNC, Jos\u00e9 Roberto Tadros, acrescentando que o avan\u00e7o da vacina\u00e7\u00e3o permite ao pa\u00eds vislumbrar um segundo semestre melhor para o ambiente de neg\u00f3cios.<\/p>\n\n\n\n<p>Segundo o levantamento, com os fortes avan\u00e7os nos dois \u00faltimos meses, o Icec se aproximou do n\u00edvel de satisfa\u00e7\u00e3o alcan\u00e7ado em novembro do ano passado (108 pontos). \u201cIsso refor\u00e7a a relev\u00e2ncia desse resultado, pois as perspectivas nesse per\u00edodo de 2020 eram boas por conta da esperan\u00e7a com as vendas de fim de ano\u201d, disse o economista da CNC respons\u00e1vel pela pesquisa, Antonio Everton.<\/p>\n\n\n\n<p>Segundo Everton, fatores como a disponibiliza\u00e7\u00e3o da terceira vers\u00e3o da linha de cr\u00e9dito do&nbsp;<a href=\"https:\/\/www.sebrae.com.br\/sites\/PortalSebrae\/artigos\/saiba-tudo-sobre-o-pronampe,90300604aa332710VgnVCM1000004c00210aRCRD\" target=\"_blank\" rel=\"noreferrer noopener\">Programa Nacional de Apoio \u00e0s Microempresas e Empresas de Pequeno Porte (Pronampe)<\/a>&nbsp;tamb\u00e9m podem ter contribu\u00eddo para a melhora da percep\u00e7\u00e3o dos empres\u00e1rios neste m\u00eas.<\/p>\n\n\n\n<h4><br>Isec<\/h4>\n\n\n\n<p>Em julho, todos os componentes do Icec subiram, o que n\u00e3o acontecia desde setembro de 2020. O destaque ficou por conta do indicador que avalia as condi\u00e7\u00f5es atuais da economia, do setor e da empresa, que apresentou crescimento mensal de 29,2%, atingindo 81,5 pontos.<\/p>\n\n\n\n<p>Em rela\u00e7\u00e3o \u00e0 situa\u00e7\u00e3o econ\u00f4mica do pa\u00eds, houve percep\u00e7\u00e3o positiva mais significativa, com 35,8% do total de entrevistados afirmando que a economia melhorou, contra 24,8% no m\u00eas anterior. Este resultado impactou diretamente o sub\u00edndice que mede as inten\u00e7\u00f5es de investimento do empres\u00e1rio do com\u00e9rcio, que avan\u00e7ou 8,5% na compara\u00e7\u00e3o com junho.<\/p>\n\n\n\n<p><br><br>Fonte: <a rel=\"noreferrer noopener\" href=\"https:\/\/agenciabrasil.ebc.com.br\/economia\/noticia\/2021-07\/confianca-do-comerciante-sobe-novamente-e-volta-zona-de-satisfacao\" target=\"_blank\">Ag\u00eancia Brasil<\/a><\/p>\n","protected":false},"excerpt":{"rendered":"<p>\u00cdndice \u00e9 apurado pela CNC<\/p>\n","protected":false},"author":3,"featured_media":3729,"comment_status":"closed","ping_status":"closed","sticky":false,"template":"","format":"standard","meta":[],"categories":[2],"tags":[],"_links":{"self":[{"href":"https:\/\/www.confere.org.br\/wordpress\/wp-json\/wp\/v2\/posts\/5507"}],"collection":[{"href":"https:\/\/www.confere.org.br\/wordpress\/wp-json\/wp\/v2\/posts"}],"about":[{"href":"https:\/\/www.confere.org.br\/wordpress\/wp-json\/wp\/v2\/types\/post"}],"author":[{"embeddable":true,"href":"https:\/\/www.confere.org.br\/wordpress\/wp-json\/wp\/v2\/users\/3"}],"replies":[{"embeddable":true,"href":"https:\/\/www.confere.org.br\/wordpress\/wp-json\/wp\/v2\/comments?post=5507"}],"version-history":[{"count":1,"href":"https:\/\/www.confere.org.br\/wordpress\/wp-json\/wp\/v2\/posts\/5507\/revisions"}],"predecessor-version":[{"id":5508,"href":"https:\/\/www.confere.org.br\/wordpress\/wp-json\/wp\/v2\/posts\/5507\/revisions\/5508"}],"wp:featuredmedia":[{"embeddable":true,"href":"https:\/\/www.confere.org.br\/wordpress\/wp-json\/wp\/v2\/media\/3729"}],"wp:attachment":[{"href":"https:\/\/www.confere.org.br\/wordpress\/wp-json\/wp\/v2\/media?parent=5507"}],"wp:term":[{"taxonomy":"category","embeddable":true,"href":"https:\/\/www.confere.org.br\/wordpress\/wp-json\/wp\/v2\/categories?post=5507"},{"taxonomy":"post_tag","embeddable":true,"href":"https:\/\/www.confere.org.br\/wordpress\/wp-json\/wp\/v2\/tags?post=5507"}],"curies":[{"name":"wp","href":"https:\/\/api.w.org\/{rel}","templated":true}]}}