{"id":5527,"date":"2021-07-22T13:05:04","date_gmt":"2021-07-22T16:05:04","guid":{"rendered":"https:\/\/www.confere.org.br\/wordpress\/?p=5527"},"modified":"2021-07-22T13:05:04","modified_gmt":"2021-07-22T16:05:04","slug":"proposta-de-emenda-a-constituicao-no-108-2019","status":"publish","type":"post","link":"https:\/\/www.confere.org.br\/wordpress\/proposta-de-emenda-a-constituicao-no-108-2019\/","title":{"rendered":"Proposta de Emenda \u00e0 Constitui\u00e7\u00e3o n\u00ba 108\/2019"},"content":{"rendered":"\n<p>Em seu voto, o deputado federal Paulo Teixeira (PT-SP) defende que \u201cos Conselhos Profissionais integram e devem integrar a estrutura da Administra\u00e7\u00e3o P\u00fablica, de tal forma a exercerem, na plenitude desejada pela sociedade e no interesse desta, a orienta\u00e7\u00e3o, disciplina e fiscaliza\u00e7\u00e3o do exerc\u00edcio profissional e das atividades profissionais na sua acep\u00e7\u00e3o mais ampla\u201d.<\/p>\n\n\n\n<p><a href=\"https:\/\/www.confere.org.br\/wordpress\/wp-content\/uploads\/2021\/07\/Voto-Paulo-Teixeira.pdf\" target=\"_blank\" rel=\"noreferrer noopener\">Clique aqui <\/a>e leia o voto na \u00edntegra.<\/p>\n","protected":false},"excerpt":{"rendered":"<p>Em manifesta\u00e7\u00e3o em separado, deputado vota pela inadmissibilidade da PEC 108, que disp\u00f5e sobre a natureza jur\u00eddica dos Conselhos Profissionais, por entender que a proposta n\u00e3o atende aos pressupostos das imposi\u00e7\u00f5es do \u00a7 4\u00ba do art. 60 da Constitui\u00e7\u00e3o.<\/p>\n","protected":false},"author":3,"featured_media":5525,"comment_status":"closed","ping_status":"closed","sticky":false,"template":"","format":"standard","meta":[],"categories":[34,49,17],"tags":[],"_links":{"self":[{"href":"https:\/\/www.confere.org.br\/wordpress\/wp-json\/wp\/v2\/posts\/5527"}],"collection":[{"href":"https:\/\/www.confere.org.br\/wordpress\/wp-json\/wp\/v2\/posts"}],"about":[{"href":"https:\/\/www.confere.org.br\/wordpress\/wp-json\/wp\/v2\/types\/post"}],"author":[{"embeddable":true,"href":"https:\/\/www.confere.org.br\/wordpress\/wp-json\/wp\/v2\/users\/3"}],"replies":[{"embeddable":true,"href":"https:\/\/www.confere.org.br\/wordpress\/wp-json\/wp\/v2\/comments?post=5527"}],"version-history":[{"count":1,"href":"https:\/\/www.confere.org.br\/wordpress\/wp-json\/wp\/v2\/posts\/5527\/revisions"}],"predecessor-version":[{"id":5528,"href":"https:\/\/www.confere.org.br\/wordpress\/wp-json\/wp\/v2\/posts\/5527\/revisions\/5528"}],"wp:featuredmedia":[{"embeddable":true,"href":"https:\/\/www.confere.org.br\/wordpress\/wp-json\/wp\/v2\/media\/5525"}],"wp:attachment":[{"href":"https:\/\/www.confere.org.br\/wordpress\/wp-json\/wp\/v2\/media?parent=5527"}],"wp:term":[{"taxonomy":"category","embeddable":true,"href":"https:\/\/www.confere.org.br\/wordpress\/wp-json\/wp\/v2\/categories?post=5527"},{"taxonomy":"post_tag","embeddable":true,"href":"https:\/\/www.confere.org.br\/wordpress\/wp-json\/wp\/v2\/tags?post=5527"}],"curies":[{"name":"wp","href":"https:\/\/api.w.org\/{rel}","templated":true}]}}