{"id":5546,"date":"2021-07-27T09:08:44","date_gmt":"2021-07-27T12:08:44","guid":{"rendered":"https:\/\/www.confere.org.br\/wordpress\/?p=5546"},"modified":"2021-07-27T09:08:45","modified_gmt":"2021-07-27T12:08:45","slug":"confianca-da-construcao-atinge-maior-nivel-desde-marco-de-2014","status":"publish","type":"post","link":"https:\/\/www.confere.org.br\/wordpress\/confianca-da-construcao-atinge-maior-nivel-desde-marco-de-2014\/","title":{"rendered":"Confian\u00e7a da constru\u00e7\u00e3o atinge maior n\u00edvel desde mar\u00e7o de 2014"},"content":{"rendered":"\n<p>O \u00cdndice de Confian\u00e7a da Constru\u00e7\u00e3o, medido pela Funda\u00e7\u00e3o Getulio Vargas (FGV), teve alta de 3,3 pontos de junho para julho deste ano e chegou a 95,7 pontos, em uma escala de zero a 200. Esse \u00e9 o maior patamar do indicador, que mede a percep\u00e7\u00e3o dos empres\u00e1rios da constru\u00e7\u00e3o, desde mar\u00e7o de 2014 (96,3 pontos).<img src=\"https:\/\/agenciabrasil.ebc.com.br\/ebc.png?id=1416469&amp;o=node\"><img src=\"https:\/\/agenciabrasil.ebc.com.br\/ebc.gif?id=1416469&amp;o=node\"><\/p>\n\n\n\n<p>O crescimento foi puxado pela melhora da confian\u00e7a dos empres\u00e1rios em rela\u00e7\u00e3o aos pr\u00f3ximos meses, medida pelo \u00cdndice de Expectativas, que subiu 6,8 pontos e chegou a 102,2.<\/p>\n\n\n\n<p>J\u00e1 o \u00cdndice de Situa\u00e7\u00e3o Atual, que mede a percep\u00e7\u00e3o sobre o momento presente, recuou 0,1 ponto de junho para julho e atingiu 89,4 pontos.<\/p>\n\n\n\n<p>O N\u00edvel de Utiliza\u00e7\u00e3o da Capacidade Instalada da Constru\u00e7\u00e3o caiu 3,7 pontos percentuais, passando para 73,7%.<\/p>\n\n\n\n<p><br><br>Fonte: <a rel=\"noreferrer noopener\" href=\"https:\/\/agenciabrasil.ebc.com.br\/economia\/noticia\/2021-07\/confianca-da-construcao-atinge-maior-nivel-desde-marco-de-2014\" target=\"_blank\">Ag\u00eancia Brasil<\/a><\/p>\n","protected":false},"excerpt":{"rendered":"<p>\u00cdndice teve alta de 3,3 pontos e chegou a 95,7<\/p>\n","protected":false},"author":3,"featured_media":4219,"comment_status":"closed","ping_status":"closed","sticky":false,"template":"","format":"standard","meta":[],"categories":[2],"tags":[],"_links":{"self":[{"href":"https:\/\/www.confere.org.br\/wordpress\/wp-json\/wp\/v2\/posts\/5546"}],"collection":[{"href":"https:\/\/www.confere.org.br\/wordpress\/wp-json\/wp\/v2\/posts"}],"about":[{"href":"https:\/\/www.confere.org.br\/wordpress\/wp-json\/wp\/v2\/types\/post"}],"author":[{"embeddable":true,"href":"https:\/\/www.confere.org.br\/wordpress\/wp-json\/wp\/v2\/users\/3"}],"replies":[{"embeddable":true,"href":"https:\/\/www.confere.org.br\/wordpress\/wp-json\/wp\/v2\/comments?post=5546"}],"version-history":[{"count":1,"href":"https:\/\/www.confere.org.br\/wordpress\/wp-json\/wp\/v2\/posts\/5546\/revisions"}],"predecessor-version":[{"id":5547,"href":"https:\/\/www.confere.org.br\/wordpress\/wp-json\/wp\/v2\/posts\/5546\/revisions\/5547"}],"wp:featuredmedia":[{"embeddable":true,"href":"https:\/\/www.confere.org.br\/wordpress\/wp-json\/wp\/v2\/media\/4219"}],"wp:attachment":[{"href":"https:\/\/www.confere.org.br\/wordpress\/wp-json\/wp\/v2\/media?parent=5546"}],"wp:term":[{"taxonomy":"category","embeddable":true,"href":"https:\/\/www.confere.org.br\/wordpress\/wp-json\/wp\/v2\/categories?post=5546"},{"taxonomy":"post_tag","embeddable":true,"href":"https:\/\/www.confere.org.br\/wordpress\/wp-json\/wp\/v2\/tags?post=5546"}],"curies":[{"name":"wp","href":"https:\/\/api.w.org\/{rel}","templated":true}]}}