{"id":5552,"date":"2021-07-29T09:52:42","date_gmt":"2021-07-29T12:52:42","guid":{"rendered":"https:\/\/www.confere.org.br\/wordpress\/?p=5552"},"modified":"2021-07-29T09:52:42","modified_gmt":"2021-07-29T12:52:42","slug":"confiancas-do-comercio-e-servicos-sobem-em-julho-diz-fgv","status":"publish","type":"post","link":"https:\/\/www.confere.org.br\/wordpress\/confiancas-do-comercio-e-servicos-sobem-em-julho-diz-fgv\/","title":{"rendered":"Confian\u00e7as do com\u00e9rcio e servi\u00e7os sobem em julho, diz FGV"},"content":{"rendered":"\n<p>Os \u00edndices de Confian\u00e7a do Com\u00e9rcio e dos Servi\u00e7os registraram altas na passagem de junho para julho deste ano. O \u00cdndice de Confian\u00e7a dos Servi\u00e7os cresceu 4,2 pontos e chegou a 98 pontos, em uma escala de zero a 200, o maior patamar desde mar\u00e7o de 2014 (98,3 pontos), segundo a Funda\u00e7\u00e3o Getulio Vargas (FGV).<img src=\"https:\/\/agenciabrasil.ebc.com.br\/ebc.png?id=1416684&amp;o=node\"><img src=\"https:\/\/agenciabrasil.ebc.com.br\/ebc.gif?id=1416684&amp;o=node\"><\/p>\n\n\n\n<p>Foi a quarta alta consecutiva do indicador, puxada principalmente pelo \u00cdndice de Expectativas, que mede a confian\u00e7a no futuro e que avan\u00e7ou 6,5 pontos, para 105,6 pontos. O \u00cdndice da Situa\u00e7\u00e3o Atual, que mede a percep\u00e7\u00e3o sobre o presente, subiu 1,7 ponto, para 90,4 pontos.<\/p>\n\n\n\n<p>O \u00cdndice de Confian\u00e7a do Com\u00e9rcio subiu 5,1 pontos no per\u00edodo e atingiu 101 pontos, n\u00edvel mais alto desde janeiro de 2019 (102,3 pontos). \u00c9 a terceira alta consecutiva do indicador.<\/p>\n\n\n\n<p>O crescimento do setor tamb\u00e9m foi influenciado principalmente pelo \u00cdndice de Expectativas, que teve alta de 5,6 pontos e chegou a 93,2 pontos. O \u00cdndice de Situa\u00e7\u00e3o Atual subiu 4,5 pontos para 108,7 pontos, maior valor desde dezembro de 2010 (110,2 pontos).<\/p>\n\n\n\n<p>Fonte: <a href=\"https:\/\/agenciabrasil.ebc.com.br\/economia\/noticia\/2021-07\/confiancas-do-comercio-e-servicos-sobem-em-julho-diz-fgv\" target=\"_blank\" rel=\"noreferrer noopener\">Ag\u00eancia Brasil<\/a><\/p>\n","protected":false},"excerpt":{"rendered":"<p>\u00cdndice de Confian\u00e7a do Com\u00e9rcio subiu 5,1 pontos e atingiu 101 pontos<\/p>\n","protected":false},"author":3,"featured_media":3729,"comment_status":"closed","ping_status":"closed","sticky":false,"template":"","format":"standard","meta":[],"categories":[2],"tags":[],"_links":{"self":[{"href":"https:\/\/www.confere.org.br\/wordpress\/wp-json\/wp\/v2\/posts\/5552"}],"collection":[{"href":"https:\/\/www.confere.org.br\/wordpress\/wp-json\/wp\/v2\/posts"}],"about":[{"href":"https:\/\/www.confere.org.br\/wordpress\/wp-json\/wp\/v2\/types\/post"}],"author":[{"embeddable":true,"href":"https:\/\/www.confere.org.br\/wordpress\/wp-json\/wp\/v2\/users\/3"}],"replies":[{"embeddable":true,"href":"https:\/\/www.confere.org.br\/wordpress\/wp-json\/wp\/v2\/comments?post=5552"}],"version-history":[{"count":1,"href":"https:\/\/www.confere.org.br\/wordpress\/wp-json\/wp\/v2\/posts\/5552\/revisions"}],"predecessor-version":[{"id":5553,"href":"https:\/\/www.confere.org.br\/wordpress\/wp-json\/wp\/v2\/posts\/5552\/revisions\/5553"}],"wp:featuredmedia":[{"embeddable":true,"href":"https:\/\/www.confere.org.br\/wordpress\/wp-json\/wp\/v2\/media\/3729"}],"wp:attachment":[{"href":"https:\/\/www.confere.org.br\/wordpress\/wp-json\/wp\/v2\/media?parent=5552"}],"wp:term":[{"taxonomy":"category","embeddable":true,"href":"https:\/\/www.confere.org.br\/wordpress\/wp-json\/wp\/v2\/categories?post=5552"},{"taxonomy":"post_tag","embeddable":true,"href":"https:\/\/www.confere.org.br\/wordpress\/wp-json\/wp\/v2\/tags?post=5552"}],"curies":[{"name":"wp","href":"https:\/\/api.w.org\/{rel}","templated":true}]}}