{"id":5575,"date":"2021-08-09T16:01:19","date_gmt":"2021-08-09T19:01:19","guid":{"rendered":"https:\/\/www.confere.org.br\/wordpress\/?p=5575"},"modified":"2021-08-09T16:09:10","modified_gmt":"2021-08-09T19:09:10","slug":"sistema-confere-cores-defende-os-direitos-dos-representantes-comerciais-em-audiencia-publica-sobre-o-pl-no-5-761-2019","status":"publish","type":"post","link":"https:\/\/www.confere.org.br\/wordpress\/sistema-confere-cores-defende-os-direitos-dos-representantes-comerciais-em-audiencia-publica-sobre-o-pl-no-5-761-2019\/","title":{"rendered":"Sistema Confere\/Cores defende os direitos dos representantes comerciais em Audi\u00eancia P\u00fablica sobre o PL n\u00ba 5.761\/2019"},"content":{"rendered":"\n<p>Para o diretor-presidente do Confere, Manoel Affonso Mendes, o Projeto de Lei n\u00ba 5.761\/2019 n\u00e3o merece prosperar. \u00c9 nefasto, unilateral, asfixia o trabalhador, pois retira o direito compensat\u00f3rio de quem s\u00f3 gera lucro e receita.<\/p>\n\n\n\n<figure class=\"wp-container-2 wp-block-gallery-1 wp-block-gallery columns-1 is-cropped\"><ul class=\"blocks-gallery-grid\"><li class=\"blocks-gallery-item\"><figure><img width=\"1024\" height=\"867\" src=\"https:\/\/www.confere.org.br\/wordpress\/wp-content\/uploads\/2021\/08\/WhatsApp-Image-2021-08-09-at-15.59.05-1024x867.jpeg\" alt=\"\" data-id=\"5576\" data-full-url=\"https:\/\/www.confere.org.br\/wordpress\/wp-content\/uploads\/2021\/08\/WhatsApp-Image-2021-08-09-at-15.59.05.jpeg\" data-link=\"https:\/\/www.confere.org.br\/wordpress\/whatsapp-image-2021-08-09-at-15-59-05\/\" class=\"wp-image-5576\" srcset=\"https:\/\/www.confere.org.br\/wordpress\/wp-content\/uploads\/2021\/08\/WhatsApp-Image-2021-08-09-at-15.59.05-1024x867.jpeg 1024w, https:\/\/www.confere.org.br\/wordpress\/wp-content\/uploads\/2021\/08\/WhatsApp-Image-2021-08-09-at-15.59.05-300x254.jpeg 300w, https:\/\/www.confere.org.br\/wordpress\/wp-content\/uploads\/2021\/08\/WhatsApp-Image-2021-08-09-at-15.59.05-768x650.jpeg 768w, https:\/\/www.confere.org.br\/wordpress\/wp-content\/uploads\/2021\/08\/WhatsApp-Image-2021-08-09-at-15.59.05.jpeg 1280w\" sizes=\"(max-width: 1024px) 100vw, 1024px\" \/><figcaption class=\"blocks-gallery-item__caption\">Manoel Affonso Mendes, diretor-presidente do Confere<\/figcaption><\/figure><\/li><\/ul><\/figure>\n\n\n\n<p>\u201cVivemos o pior momento da hist\u00f3ria do Brasil, a pandemia deixou sequelas e lan\u00e7ou milhares na pobreza, tirou empregos, abalou segmentos e nossos clientes. E, ainda, nesse momento mais delicado de nossas vidas, insistem em tirar direitos de mais de 700 mil brasileiros, representantes comerciais. A quem interessa modificar a Lei n\u00ba 4.886\/65? A quem interessa cada altera\u00e7\u00e3o proposta por este danoso Projeto de Lei?\u201d, indagou Manoel Affonso Mendes.<\/p>\n\n\n\n<p>Acompanhe e participe: <a href=\"https:\/\/edemocracia.camara.leg.br\/audiencias\/sala\/2116\">Audi\u00eancias Interativas (camara.leg.br)<\/a><\/p>\n","protected":false},"excerpt":{"rendered":"<p>A C\u00e2mara dos Deputados realiza, neste momento, Audi\u00eancia P\u00fablica virtual para discutir os impactos do Projeto de Lei n\u00ba 5.761\/2019, de autoria do deputado Alexis Fonteyne.<\/p>\n","protected":false},"author":3,"featured_media":5574,"comment_status":"closed","ping_status":"closed","sticky":false,"template":"","format":"standard","meta":[],"categories":[34,49,17],"tags":[],"_links":{"self":[{"href":"https:\/\/www.confere.org.br\/wordpress\/wp-json\/wp\/v2\/posts\/5575"}],"collection":[{"href":"https:\/\/www.confere.org.br\/wordpress\/wp-json\/wp\/v2\/posts"}],"about":[{"href":"https:\/\/www.confere.org.br\/wordpress\/wp-json\/wp\/v2\/types\/post"}],"author":[{"embeddable":true,"href":"https:\/\/www.confere.org.br\/wordpress\/wp-json\/wp\/v2\/users\/3"}],"replies":[{"embeddable":true,"href":"https:\/\/www.confere.org.br\/wordpress\/wp-json\/wp\/v2\/comments?post=5575"}],"version-history":[{"count":2,"href":"https:\/\/www.confere.org.br\/wordpress\/wp-json\/wp\/v2\/posts\/5575\/revisions"}],"predecessor-version":[{"id":5578,"href":"https:\/\/www.confere.org.br\/wordpress\/wp-json\/wp\/v2\/posts\/5575\/revisions\/5578"}],"wp:featuredmedia":[{"embeddable":true,"href":"https:\/\/www.confere.org.br\/wordpress\/wp-json\/wp\/v2\/media\/5574"}],"wp:attachment":[{"href":"https:\/\/www.confere.org.br\/wordpress\/wp-json\/wp\/v2\/media?parent=5575"}],"wp:term":[{"taxonomy":"category","embeddable":true,"href":"https:\/\/www.confere.org.br\/wordpress\/wp-json\/wp\/v2\/categories?post=5575"},{"taxonomy":"post_tag","embeddable":true,"href":"https:\/\/www.confere.org.br\/wordpress\/wp-json\/wp\/v2\/tags?post=5575"}],"curies":[{"name":"wp","href":"https:\/\/api.w.org\/{rel}","templated":true}]}}