{"id":558,"date":"2019-10-21T18:05:24","date_gmt":"2019-10-21T21:05:24","guid":{"rendered":"http:\/\/www.confere.org.br\/wordpress\/?p=558"},"modified":"2019-11-14T15:29:20","modified_gmt":"2019-11-14T18:29:20","slug":"aviso-importante","status":"publish","type":"post","link":"https:\/\/www.confere.org.br\/wordpress\/aviso-importante\/","title":{"rendered":"Deputado Edio Lopes (PL-RR) foi designado relator da Proposta de Emenda \u00e0 Constitui\u00e7\u00e3o n\u00ba 108\/2019"},"content":{"rendered":"\n<p>O deputado Edio Lopes (PL-RR) foi designado relator da Proposta de Emenda \u00e0 Constitui\u00e7\u00e3o n\u00ba 108\/2019, de autoria do poder executivo, a qual se encontra na comiss\u00e3o de constitui\u00e7\u00e3o e justi\u00e7a e de cidadania da c\u00e2mara dos deputados, que traz graves e irrepar\u00e1veis preju\u00edzos \u00e0 sociedade, na medida em que pretende acabar com os conselhos de fiscaliza\u00e7\u00e3o profissional no Pa\u00eds.<\/p>\n\n\n\n<p>Estamos atentos \u00e0 tramita\u00e7\u00e3o da referida propositura e tudo faremos para o seu arquivamento ou n\u00e3o aprova\u00e7\u00e3o, nos termos em que se apresenta.<\/p>\n\n\n\n<div style=\"height:30px\" aria-hidden=\"true\" class=\"wp-block-spacer\"><\/div>\n\n\n\n<p style=\"text-align:center\">Manoel Affonso Mendes de Farias Mello<\/p>\n\n\n\n<p style=\"text-align:center\">Diretor-Presidente do Confere<\/p>\n","protected":false},"excerpt":{"rendered":"<p>O deputado Edio Lopes (PL-RR) foi designado relator da Proposta de Emenda \u00e0 Constitui\u00e7\u00e3o n\u00ba 108\/2019<\/p>\n","protected":false},"author":1,"featured_media":1231,"comment_status":"closed","ping_status":"open","sticky":false,"template":"","format":"standard","meta":[],"categories":[34],"tags":[],"_links":{"self":[{"href":"https:\/\/www.confere.org.br\/wordpress\/wp-json\/wp\/v2\/posts\/558"}],"collection":[{"href":"https:\/\/www.confere.org.br\/wordpress\/wp-json\/wp\/v2\/posts"}],"about":[{"href":"https:\/\/www.confere.org.br\/wordpress\/wp-json\/wp\/v2\/types\/post"}],"author":[{"embeddable":true,"href":"https:\/\/www.confere.org.br\/wordpress\/wp-json\/wp\/v2\/users\/1"}],"replies":[{"embeddable":true,"href":"https:\/\/www.confere.org.br\/wordpress\/wp-json\/wp\/v2\/comments?post=558"}],"version-history":[{"count":7,"href":"https:\/\/www.confere.org.br\/wordpress\/wp-json\/wp\/v2\/posts\/558\/revisions"}],"predecessor-version":[{"id":1234,"href":"https:\/\/www.confere.org.br\/wordpress\/wp-json\/wp\/v2\/posts\/558\/revisions\/1234"}],"wp:featuredmedia":[{"embeddable":true,"href":"https:\/\/www.confere.org.br\/wordpress\/wp-json\/wp\/v2\/media\/1231"}],"wp:attachment":[{"href":"https:\/\/www.confere.org.br\/wordpress\/wp-json\/wp\/v2\/media?parent=558"}],"wp:term":[{"taxonomy":"category","embeddable":true,"href":"https:\/\/www.confere.org.br\/wordpress\/wp-json\/wp\/v2\/categories?post=558"},{"taxonomy":"post_tag","embeddable":true,"href":"https:\/\/www.confere.org.br\/wordpress\/wp-json\/wp\/v2\/tags?post=558"}],"curies":[{"name":"wp","href":"https:\/\/api.w.org\/{rel}","templated":true}]}}