{"id":5581,"date":"2021-08-10T10:17:48","date_gmt":"2021-08-10T13:17:48","guid":{"rendered":"https:\/\/www.confere.org.br\/wordpress\/?p=5581"},"modified":"2021-08-10T10:17:49","modified_gmt":"2021-08-10T13:17:49","slug":"dolar-sobe-para-r-524-e-fecha-no-maior-valor-em-tres-semanas","status":"publish","type":"post","link":"https:\/\/www.confere.org.br\/wordpress\/dolar-sobe-para-r-524-e-fecha-no-maior-valor-em-tres-semanas\/","title":{"rendered":"D\u00f3lar sobe para R$ 5,24 e fecha no maior valor em tr\u00eas semanas"},"content":{"rendered":"\n<p>Num dia marcado pela volatilidade, o d\u00f3lar alternou altas e baixas, mas firmou o movimento de valoriza\u00e7\u00e3o no fim da tarde e encerrou no maior valor em tr\u00eas semanas. A bolsa de valores chegou a subir diversas vezes ao longo do dia, mas desacelerou perto do fim da sess\u00e3o e fechou praticamente est\u00e1vel.<img src=\"https:\/\/agenciabrasil.ebc.com.br\/ebc.png?id=1417900&amp;o=node\"><img src=\"https:\/\/agenciabrasil.ebc.com.br\/ebc.gif?id=1417900&amp;o=node\"><\/p>\n\n\n\n<p>O d\u00f3lar comercial encerrou esta segunda-feira (9) vendido a R$ 5,247, com alta de R$ 0,011 (+0,21%). A cota\u00e7\u00e3o iniciou o dia em forte alta, chegando a R$ 5,30 na m\u00e1xima do dia, por volta das 12h. Em seguida, passou a cair, atingindo R$ 5,21 por volta das 15h. A queda, no entanto, perdeu for\u00e7a e a divisa fechou em leve alta.<\/p>\n\n\n\n<p>A moeda norte-americana est\u00e1 no maior n\u00edvel desde 19 de julho, quando tinha fechado vendida a R$ 5,251. A divisa acumula alta de 0,7% em agosto e de 1,13% em 2021.<\/p>\n\n\n\n<p>O mercado de a\u00e7\u00f5es tamb\u00e9m teve um dia com oscila\u00e7\u00f5es. O \u00edndice Ibovespa, da B3, fechou o dia aos 123.019 pontos, com alta de 0,17%. O indicador chegou a cair 0,42% na m\u00ednima do dia, \u00e0s 11h55. Durante a tarde, subiu 0,6% por volta das 15h, mas perdeu for\u00e7a perto do fim da sess\u00e3o.<\/p>\n\n\n\n<p>Tanto fatores internos como externos afetaram as negocia\u00e7\u00f5es. No Brasil, a apresenta\u00e7\u00e3o da medida provis\u00f3ria do programa social que pretende substituir o Bolsa Fam\u00edlia e as expectativas em torno do envio da proposta de emenda \u00e0 Constitui\u00e7\u00e3o (PEC) que parcela os precat\u00f3rios (d\u00edvidas do governo reconhecidas definitivamente pela Justi\u00e7a) criaram turbul\u00eancias no mercado.<\/p>\n\n\n\n<p>A situa\u00e7\u00e3o melhorou no in\u00edcio da tarde, quando o ministro da Cidadania, Jo\u00e3o Roma, disse que o novo&nbsp;<a href=\"https:\/\/agenciabrasil.ebc.com.br\/politica\/noticia\/2021-08\/novo-bolsa-familia-cumprira-teto-de-gastos\" target=\"_blank\" rel=\"noreferrer noopener\">programa social respeitar\u00e1 o teto de gastos<\/a>. A tr\u00e9gua, no entanto, durou pouco, ap\u00f3s novas tens\u00f5es no mercado internacional.<\/p>\n\n\n\n<p>Um integrante do Federal Reserve (Fed, Banco Central dos Estados Unidos) declarou que a infla\u00e7\u00e3o norte-americana dever\u00e1 encerrar o ano no teto da meta de 2% e que o \u00f3rg\u00e3o agora olha apenas para o ritmo de cria\u00e7\u00e3o de empregos no pa\u00eds. A afirma\u00e7\u00e3o aumentou as expectativas de que a autoridade monet\u00e1ria norte-americana dever\u00e1 come\u00e7ar a retirar os est\u00edmulos concedidos durante a pandemia de covid-19 antes do previsto.<\/p>\n\n\n\n<p>Fonte: <a href=\"https:\/\/agenciabrasil.ebc.com.br\/economia\/noticia\/2021-08\/dolar-sobe-para-r-524-e-fecha-no-maior-valor-em-tres-semanas\" target=\"_blank\" rel=\"noreferrer noopener\">Ag\u00eancia Brasil<\/a><\/p>\n","protected":false},"excerpt":{"rendered":"<p>Bolsa fechou praticamente est\u00e1vel, ap\u00f3s subir \u00e0 tarde<\/p>\n","protected":false},"author":3,"featured_media":5503,"comment_status":"closed","ping_status":"closed","sticky":false,"template":"","format":"standard","meta":[],"categories":[2],"tags":[],"_links":{"self":[{"href":"https:\/\/www.confere.org.br\/wordpress\/wp-json\/wp\/v2\/posts\/5581"}],"collection":[{"href":"https:\/\/www.confere.org.br\/wordpress\/wp-json\/wp\/v2\/posts"}],"about":[{"href":"https:\/\/www.confere.org.br\/wordpress\/wp-json\/wp\/v2\/types\/post"}],"author":[{"embeddable":true,"href":"https:\/\/www.confere.org.br\/wordpress\/wp-json\/wp\/v2\/users\/3"}],"replies":[{"embeddable":true,"href":"https:\/\/www.confere.org.br\/wordpress\/wp-json\/wp\/v2\/comments?post=5581"}],"version-history":[{"count":1,"href":"https:\/\/www.confere.org.br\/wordpress\/wp-json\/wp\/v2\/posts\/5581\/revisions"}],"predecessor-version":[{"id":5582,"href":"https:\/\/www.confere.org.br\/wordpress\/wp-json\/wp\/v2\/posts\/5581\/revisions\/5582"}],"wp:featuredmedia":[{"embeddable":true,"href":"https:\/\/www.confere.org.br\/wordpress\/wp-json\/wp\/v2\/media\/5503"}],"wp:attachment":[{"href":"https:\/\/www.confere.org.br\/wordpress\/wp-json\/wp\/v2\/media?parent=5581"}],"wp:term":[{"taxonomy":"category","embeddable":true,"href":"https:\/\/www.confere.org.br\/wordpress\/wp-json\/wp\/v2\/categories?post=5581"},{"taxonomy":"post_tag","embeddable":true,"href":"https:\/\/www.confere.org.br\/wordpress\/wp-json\/wp\/v2\/tags?post=5581"}],"curies":[{"name":"wp","href":"https:\/\/api.w.org\/{rel}","templated":true}]}}