{"id":5623,"date":"2021-08-11T11:47:22","date_gmt":"2021-08-11T14:47:22","guid":{"rendered":"https:\/\/www.confere.org.br\/wordpress\/?p=5623"},"modified":"2022-11-18T10:43:24","modified_gmt":"2022-11-18T13:43:24","slug":"2021-resolucao-no-1-189-2021","status":"publish","type":"post","link":"https:\/\/www.confere.org.br\/wordpress\/2021-resolucao-no-1-189-2021\/","title":{"rendered":"2021 &#8211; Resolu\u00e7\u00e3o n\u00ba 1.189\/2021"},"content":{"rendered":"\n<p>Normatiza os procedimentos para apresenta\u00e7\u00e3o ao Confere dos Demonstrativos Cont\u00e1beis mensais e Presta\u00e7\u00f5es de Contas trimestrais e anuais pelos Conselhos integrantes do Sistema Confere\/Cores.<\/p>\n\n\n\n<p><a href=\"https:\/\/www.confere.org.br\/wordpress\/wp-content\/uploads\/2021\/08\/Res-1189_2021-.pdf\">https:\/\/www.confere.org.br\/wordpress\/wp-content\/uploads\/2021\/08\/Res-1189_2021-.pdf<\/a><\/p>\n","protected":false},"excerpt":{"rendered":"<p>1.189, Resolu\u00e7\u00e3o,<br \/>\nhttps:\/\/www.confere.org.br\/wordpress\/wp-content\/uploads\/2021\/08\/Res-1189_2021-.pdf<\/p>\n","protected":false},"author":3,"featured_media":0,"comment_status":"closed","ping_status":"closed","sticky":false,"template":"","format":"standard","meta":[],"categories":[52],"tags":[],"_links":{"self":[{"href":"https:\/\/www.confere.org.br\/wordpress\/wp-json\/wp\/v2\/posts\/5623"}],"collection":[{"href":"https:\/\/www.confere.org.br\/wordpress\/wp-json\/wp\/v2\/posts"}],"about":[{"href":"https:\/\/www.confere.org.br\/wordpress\/wp-json\/wp\/v2\/types\/post"}],"author":[{"embeddable":true,"href":"https:\/\/www.confere.org.br\/wordpress\/wp-json\/wp\/v2\/users\/3"}],"replies":[{"embeddable":true,"href":"https:\/\/www.confere.org.br\/wordpress\/wp-json\/wp\/v2\/comments?post=5623"}],"version-history":[{"count":1,"href":"https:\/\/www.confere.org.br\/wordpress\/wp-json\/wp\/v2\/posts\/5623\/revisions"}],"predecessor-version":[{"id":5624,"href":"https:\/\/www.confere.org.br\/wordpress\/wp-json\/wp\/v2\/posts\/5623\/revisions\/5624"}],"wp:attachment":[{"href":"https:\/\/www.confere.org.br\/wordpress\/wp-json\/wp\/v2\/media?parent=5623"}],"wp:term":[{"taxonomy":"category","embeddable":true,"href":"https:\/\/www.confere.org.br\/wordpress\/wp-json\/wp\/v2\/categories?post=5623"},{"taxonomy":"post_tag","embeddable":true,"href":"https:\/\/www.confere.org.br\/wordpress\/wp-json\/wp\/v2\/tags?post=5623"}],"curies":[{"name":"wp","href":"https:\/\/api.w.org\/{rel}","templated":true}]}}