{"id":5625,"date":"2021-08-11T14:10:23","date_gmt":"2021-08-11T17:10:23","guid":{"rendered":"https:\/\/www.confere.org.br\/wordpress\/?p=5625"},"modified":"2021-08-11T14:13:56","modified_gmt":"2021-08-11T17:13:56","slug":"retirada-do-pl-no-5-761-2019","status":"publish","type":"post","link":"https:\/\/www.confere.org.br\/wordpress\/retirada-do-pl-no-5-761-2019\/","title":{"rendered":"Retirada do PL n\u00ba 5.761\/2019"},"content":{"rendered":"\n<p>Mensagem do diretor-presidente do Confere, Manoel Affonso Mendes, em agradecimento ao Deputado Alexis Fonteyne, por retirar o PL n\u00ba 5.761\/2019 de tramita\u00e7\u00e3o, e aos parlamentares que apoiaram o Sistema Confere\/Cores na luta contra o referido PL. <\/p>\n\n\n\n<p>No v\u00eddeo, o presidente do Confere, tamb\u00e9m, parabeniza a categoria dos representantes comerciais, pela intensa mobiliza\u00e7\u00e3o em prol da manuten\u00e7\u00e3o dos direitos j\u00e1 assegurados pela Lei n\u00ba 4.886\/65.<\/p>\n\n\n\n<p><a href=\"https:\/\/www.confere.org.br\/wordpress\/wp-content\/uploads\/2021\/08\/IMG_1914-1.mp4\" target=\"_blank\" rel=\"noreferrer noopener\">Clique e assista ao v\u00eddeo de agradecimento do diretor-presidente do Confere, Manoel Affonso Mendes.<\/a><\/p>\n","protected":false},"excerpt":{"rendered":"<p>Agradecimentos do presidente do Confere. Assista ao v\u00eddeo.<\/p>\n","protected":false},"author":3,"featured_media":2784,"comment_status":"closed","ping_status":"closed","sticky":false,"template":"","format":"standard","meta":[],"categories":[34,49,17],"tags":[],"_links":{"self":[{"href":"https:\/\/www.confere.org.br\/wordpress\/wp-json\/wp\/v2\/posts\/5625"}],"collection":[{"href":"https:\/\/www.confere.org.br\/wordpress\/wp-json\/wp\/v2\/posts"}],"about":[{"href":"https:\/\/www.confere.org.br\/wordpress\/wp-json\/wp\/v2\/types\/post"}],"author":[{"embeddable":true,"href":"https:\/\/www.confere.org.br\/wordpress\/wp-json\/wp\/v2\/users\/3"}],"replies":[{"embeddable":true,"href":"https:\/\/www.confere.org.br\/wordpress\/wp-json\/wp\/v2\/comments?post=5625"}],"version-history":[{"count":1,"href":"https:\/\/www.confere.org.br\/wordpress\/wp-json\/wp\/v2\/posts\/5625\/revisions"}],"predecessor-version":[{"id":5628,"href":"https:\/\/www.confere.org.br\/wordpress\/wp-json\/wp\/v2\/posts\/5625\/revisions\/5628"}],"wp:featuredmedia":[{"embeddable":true,"href":"https:\/\/www.confere.org.br\/wordpress\/wp-json\/wp\/v2\/media\/2784"}],"wp:attachment":[{"href":"https:\/\/www.confere.org.br\/wordpress\/wp-json\/wp\/v2\/media?parent=5625"}],"wp:term":[{"taxonomy":"category","embeddable":true,"href":"https:\/\/www.confere.org.br\/wordpress\/wp-json\/wp\/v2\/categories?post=5625"},{"taxonomy":"post_tag","embeddable":true,"href":"https:\/\/www.confere.org.br\/wordpress\/wp-json\/wp\/v2\/tags?post=5625"}],"curies":[{"name":"wp","href":"https:\/\/api.w.org\/{rel}","templated":true}]}}