{"id":5636,"date":"2021-08-12T11:17:22","date_gmt":"2021-08-12T14:17:22","guid":{"rendered":"https:\/\/www.confere.org.br\/wordpress\/?p=5636"},"modified":"2021-08-12T11:17:22","modified_gmt":"2021-08-12T14:17:22","slug":"venda-de-livros-no-primeiro-semestre-aumenta-485-em-relacao-a-2020","status":"publish","type":"post","link":"https:\/\/www.confere.org.br\/wordpress\/venda-de-livros-no-primeiro-semestre-aumenta-485-em-relacao-a-2020\/","title":{"rendered":"Venda de livros no primeiro semestre aumenta 48,5% em rela\u00e7\u00e3o a 2020"},"content":{"rendered":"\n<p>O mercado de livros nacional encerrou o primeiro semestre do ano com venda de 28 milh\u00f5es de exemplares, o que representa alta de 48,5% em rela\u00e7\u00e3o aos 18,9 milh\u00f5es vendidos no mesmo per\u00edodo de 2020.<img src=\"https:\/\/agenciabrasil.ebc.com.br\/ebc.png?id=1418176&amp;o=node\"><img src=\"https:\/\/agenciabrasil.ebc.com.br\/ebc.gif?id=1418176&amp;o=node\"><\/p>\n\n\n\n<p>Em termos de valor, o faturamento alcan\u00e7ou R$ 1,19 bilh\u00e3o, cerca de 39,9% a mais que os R$ 846,2 milh\u00f5es apurados no acumulado at\u00e9 julho do ano passado. O pre\u00e7o m\u00e9dio no per\u00edodo recuou 5,78%, passando de R$ 44,86 para R$ 42,26.<\/p>\n\n\n\n<p>O Painel do Varejo de Livros no Brasil foi divulgado hoje (11) pelo Sindicato Nacional dos Editores de Livros (Snel), a partir de pesquisa feita pela Nielsen BookScan. De acordo com o presidente do Snel, Marcos da Veiga Pereira, a alta registrada reflete dois momentos distintos do mercado, apontando, em 2021, para um setor livreiro mais consolidado, contra um mercado atingido duramente pela pandemia de covid-19, em 2020, com as medidas de isolamento social impostas pelas autoridades sanit\u00e1rias para impedir a dissemina\u00e7\u00e3o da doen\u00e7a.<\/p>\n\n\n\n<p>\u201cS\u00e3o situa\u00e7\u00f5es muito diferentes. Isso cria uma base de compara\u00e7\u00e3o muito desfavor\u00e1vel\u201d, analisou Pereira, em entrevista \u00e0&nbsp;<strong>Ag\u00eancia Brasil<\/strong>. Pra ele, importante \u00e9 olhar o que est\u00e1 acontecendo em 2021, tendo em vista que a base de compara\u00e7\u00e3o com 2020 \u00e9 deprimida, devido \u00e0 pandemia. Ele acredita que daqui para frente v\u00e3o come\u00e7ar a ser vistos dados que mostrar\u00e3o quando \u201ccome\u00e7ou a virar a curva e experimentar o crescimento\u201d.<\/p>\n\n\n\n<h2>Redescoberta<\/h2>\n\n\n\n<p>Segundo Marcos da Veiga Pereira, desde setembro de 2020, o aumento do consumo de livros vem demonstrando resultados positivos, fruto de a\u00e7\u00f5es promocionais, oferta de bons lan\u00e7amentos e o estreitamento do relacionamento com os leitores nas redes sociais: \u201ccom a pandemia, a gente teve uma oportunidade que foi a redescoberta da leitura e essa redescoberta foi possibilitada pelo atendimento, principalmente naquele primeiro momento, do varejo&nbsp;<em>online<\/em>\u201d.<\/p>\n\n\n\n<p>O comparativo entre o s\u00e9timo per\u00edodo de 2021 (21 de junho a 18 de julho) e o per\u00edodo imediatamente anterior (de 24 de maio a 20 de junho) revela crescimento no mercado livreiro nacional de 26% de vendas em volume e de 23,7% em valor. \u201cEssa \u00e9 uma \u00f3tima not\u00edcia! O movimento de leitura continua fortalecido. Agora, a gente est\u00e1 vivendo um momento em que tem a reconex\u00e3o com a leitura, tem a reabertura das livrarias. Ent\u00e3o, a gente tem uma responsabilidade como ind\u00fastria de manter a leitura em alta. Essa \u00e9 a minha preocupa\u00e7\u00e3o permanente\u201d.<\/p>\n\n\n\n<p>O presidente do Snel disse que durante muito tempo o varejo foi passivo. A pandemia fez com que o setor livreiro ficasse mais ativo, no sentido de procurar os leitores, de conhecer melhor os consumidores. Pereira considera dif\u00edcil o mercado continuar crescendo em dois d\u00edgitos, porque vai ter uma base de compara\u00e7\u00e3o cada vez mais forte. Apesar disso, apostou que comparando 2021 com 2020, o setor fechar\u00e1 o ano com mais de 20% de expans\u00e3o.<\/p>\n\n\n\n<p>Fonte: <a href=\"https:\/\/agenciabrasil.ebc.com.br\/economia\/noticia\/2021-08\/venda-de-livros-no-primeiro-semestre-aumenta-485-em-relacao-2020\" target=\"_blank\" rel=\"noreferrer noopener\">Ag\u00eancia Brasil<\/a><\/p>\n","protected":false},"excerpt":{"rendered":"<p>Levantamento \u00e9 do Sindicato Nacional dos Editores de Livros.<\/p>\n","protected":false},"author":3,"featured_media":5637,"comment_status":"closed","ping_status":"closed","sticky":false,"template":"","format":"standard","meta":[],"categories":[2],"tags":[],"_links":{"self":[{"href":"https:\/\/www.confere.org.br\/wordpress\/wp-json\/wp\/v2\/posts\/5636"}],"collection":[{"href":"https:\/\/www.confere.org.br\/wordpress\/wp-json\/wp\/v2\/posts"}],"about":[{"href":"https:\/\/www.confere.org.br\/wordpress\/wp-json\/wp\/v2\/types\/post"}],"author":[{"embeddable":true,"href":"https:\/\/www.confere.org.br\/wordpress\/wp-json\/wp\/v2\/users\/3"}],"replies":[{"embeddable":true,"href":"https:\/\/www.confere.org.br\/wordpress\/wp-json\/wp\/v2\/comments?post=5636"}],"version-history":[{"count":1,"href":"https:\/\/www.confere.org.br\/wordpress\/wp-json\/wp\/v2\/posts\/5636\/revisions"}],"predecessor-version":[{"id":5638,"href":"https:\/\/www.confere.org.br\/wordpress\/wp-json\/wp\/v2\/posts\/5636\/revisions\/5638"}],"wp:featuredmedia":[{"embeddable":true,"href":"https:\/\/www.confere.org.br\/wordpress\/wp-json\/wp\/v2\/media\/5637"}],"wp:attachment":[{"href":"https:\/\/www.confere.org.br\/wordpress\/wp-json\/wp\/v2\/media?parent=5636"}],"wp:term":[{"taxonomy":"category","embeddable":true,"href":"https:\/\/www.confere.org.br\/wordpress\/wp-json\/wp\/v2\/categories?post=5636"},{"taxonomy":"post_tag","embeddable":true,"href":"https:\/\/www.confere.org.br\/wordpress\/wp-json\/wp\/v2\/tags?post=5636"}],"curies":[{"name":"wp","href":"https:\/\/api.w.org\/{rel}","templated":true}]}}