{"id":5647,"date":"2021-08-17T11:27:46","date_gmt":"2021-08-17T14:27:46","guid":{"rendered":"https:\/\/www.confere.org.br\/wordpress\/?p=5647"},"modified":"2021-08-17T11:28:11","modified_gmt":"2021-08-17T14:28:11","slug":"agosto-azul","status":"publish","type":"post","link":"https:\/\/www.confere.org.br\/wordpress\/agosto-azul\/","title":{"rendered":"Agosto Azul"},"content":{"rendered":"\n<p>A falta de cuidados com a pr\u00f3pria sa\u00fade e o estilo de vida dos homens os tornam mais vulner\u00e1veis a diversas doen\u00e7as graves e cr\u00f4nicas, em especial doen\u00e7as cardiovasculares, c\u00e2ncer de pr\u00f3stata, c\u00e2ncer de pele, obesidade, hipertrofia prost\u00e1tica, andropausa, tabagismo, cirrose e problemas no f\u00edgado, incontin\u00eancia urin\u00e1ria, varicocele, doen\u00e7as infecciosas e parasit\u00e1rias, tuberculose etc.<\/p>\n\n\n\n<p>Cuide-se! Fa\u00e7a exerc\u00edcios regularmente, mantenha uma alimenta\u00e7\u00e3o saud\u00e1vel, fa\u00e7a um check-up geral, mantenha o seu peso adequado!<\/p>\n","protected":false},"excerpt":{"rendered":"<p>O principal objetivo da campanha AGOSTO AZUL \u00e9 motivar uma mudan\u00e7a cultural para que os homens procurem atendimento m\u00e9dico e se dediquem de fato \u00e0 sua sa\u00fade, atentando-se para alguns cuidados fundamentais.<\/p>\n","protected":false},"author":3,"featured_media":5646,"comment_status":"closed","ping_status":"closed","sticky":false,"template":"","format":"standard","meta":[],"categories":[34,49,17],"tags":[],"_links":{"self":[{"href":"https:\/\/www.confere.org.br\/wordpress\/wp-json\/wp\/v2\/posts\/5647"}],"collection":[{"href":"https:\/\/www.confere.org.br\/wordpress\/wp-json\/wp\/v2\/posts"}],"about":[{"href":"https:\/\/www.confere.org.br\/wordpress\/wp-json\/wp\/v2\/types\/post"}],"author":[{"embeddable":true,"href":"https:\/\/www.confere.org.br\/wordpress\/wp-json\/wp\/v2\/users\/3"}],"replies":[{"embeddable":true,"href":"https:\/\/www.confere.org.br\/wordpress\/wp-json\/wp\/v2\/comments?post=5647"}],"version-history":[{"count":1,"href":"https:\/\/www.confere.org.br\/wordpress\/wp-json\/wp\/v2\/posts\/5647\/revisions"}],"predecessor-version":[{"id":5648,"href":"https:\/\/www.confere.org.br\/wordpress\/wp-json\/wp\/v2\/posts\/5647\/revisions\/5648"}],"wp:featuredmedia":[{"embeddable":true,"href":"https:\/\/www.confere.org.br\/wordpress\/wp-json\/wp\/v2\/media\/5646"}],"wp:attachment":[{"href":"https:\/\/www.confere.org.br\/wordpress\/wp-json\/wp\/v2\/media?parent=5647"}],"wp:term":[{"taxonomy":"category","embeddable":true,"href":"https:\/\/www.confere.org.br\/wordpress\/wp-json\/wp\/v2\/categories?post=5647"},{"taxonomy":"post_tag","embeddable":true,"href":"https:\/\/www.confere.org.br\/wordpress\/wp-json\/wp\/v2\/tags?post=5647"}],"curies":[{"name":"wp","href":"https:\/\/api.w.org\/{rel}","templated":true}]}}