{"id":5661,"date":"2021-08-20T13:22:00","date_gmt":"2021-08-20T16:22:00","guid":{"rendered":"https:\/\/www.confere.org.br\/wordpress\/?p=5661"},"modified":"2021-12-16T15:50:21","modified_gmt":"2021-12-16T17:50:21","slug":"processo-de-licitacao-no-13-2021-contratacao-de-empresa-de-software-de-gestao-e-demais-servicos","status":"publish","type":"post","link":"https:\/\/www.confere.org.br\/wordpress\/processo-de-licitacao-no-13-2021-contratacao-de-empresa-de-software-de-gestao-e-demais-servicos\/","title":{"rendered":"Processo de Licita\u00e7\u00e3o n\u00ba 13\/2021 &#8211; Contrata\u00e7\u00e3o de empresa de software de gest\u00e3o e demais servi\u00e7os"},"content":{"rendered":"\n<p>20\/08\/2021 &#8211; <a rel=\"noreferrer noopener\" href=\"https:\/\/www.confere.org.br\/wordpress\/edital-timbrado-6\/\" target=\"_blank\">Edital<\/a><\/p>\n\n\n\n<p>20\/08\/2021 &#8211; <a rel=\"noreferrer noopener\" href=\"https:\/\/www.confere.org.br\/wordpress\/wp-content\/uploads\/2021\/09\/DOU.pdf\" target=\"_blank\">DOU<\/a><\/p>\n\n\n\n<p>01\/09\/2021 &#8211; <a rel=\"noreferrer noopener\" href=\"https:\/\/www.confere.org.br\/wordpress\/wp-content\/uploads\/2021\/09\/ATA-DO-COMPRASNET-SESSAO-DIA-01-09-2021.pdf\" target=\"_blank\">Sess\u00e3o &#8211; Ata do Comprasnet<\/a><\/p>\n\n\n\n<p>01\/09\/2021 &#8211; <a rel=\"noreferrer noopener\" href=\"https:\/\/www.confere.org.br\/wordpress\/wp-content\/uploads\/2021\/09\/RELATORIO-DE-RESULTADO-POR-FORNECEDOR-COMPRASNET.pdf\" target=\"_blank\">Relat\u00f3rio de Resultado por Fornecedor &#8211; Comprasnet<\/a><\/p>\n\n\n\n<p>01\/09\/2021 &#8211; <a rel=\"noreferrer noopener\" href=\"https:\/\/www.confere.org.br\/wordpress\/wp-content\/uploads\/2021\/09\/TERMO-DE-ADJUDICACAO-COMPRASNET.pdf\" target=\"_blank\">Termo de Adjudica\u00e7\u00e3o &#8211; Comprasnet<\/a><\/p>\n\n\n\n<p>02\/09\/2021 &#8211; <a rel=\"noreferrer noopener\" href=\"https:\/\/www.confere.org.br\/wordpress\/wp-content\/uploads\/2021\/09\/TERMO-DE-HOMOLOGACAO-COMPRASNET.pdf\" target=\"_blank\">Termo de Homologa\u00e7\u00e3o<\/a><\/p>\n\n\n\n<p>06\/10\/2021 &#8211; <a rel=\"noreferrer noopener\" href=\"https:\/\/www.confere.org.br\/wordpress\/wp-content\/uploads\/2021\/10\/doc00397620211006142659.pdf\" target=\"_blank\">Termo de Revoga\u00e7\u00e3o de Procedimento Licitat\u00f3rio<\/a><\/p>\n\n\n\n<p>25\/11\/2021 &#8211; <a rel=\"noreferrer noopener\" href=\"https:\/\/www.confere.org.br\/wordpress\/wp-content\/uploads\/2021\/11\/Novo-EDITAL-SOFTWARE-DE-GESTAO.pdf\" target=\"_blank\">Edital &#8211; Preg\u00e3o Eletr\u00f4nico SRP n\u00ba 010\/2021<\/a><\/p>\n\n\n\n<p>25\/11\/2021 &#8211; <a rel=\"noreferrer noopener\" href=\"https:\/\/www.confere.org.br\/wordpress\/wp-content\/uploads\/2021\/11\/AVISO-DE-LICITACAO-AVISO-DE-LICITACAO-DOU-Imprensa-Nacional_13_2021.pdf\" target=\"_blank\">Publica\u00e7\u00e3o no DOU<\/a><\/p>\n\n\n\n<p>09\/12\/2021 &#8211; <a href=\"https:\/\/www.confere.org.br\/wordpress\/wp-content\/uploads\/2021\/12\/RESULTADO-POR-FORNECEDOR-COMPRASNET_13_2021.pdf\" target=\"_blank\" rel=\"noreferrer noopener\">Resultado por Fornecedor &#8211; Comprasnet<\/a><\/p>\n\n\n\n<p>09\/12\/2021 &#8211; <a rel=\"noreferrer noopener\" href=\"https:\/\/www.confere.org.br\/wordpress\/wp-content\/uploads\/2021\/12\/TERMO-DE-ADJUDICACAO-COMPRASNET_13_2021.pdf\" target=\"_blank\">Termo de Adjudica\u00e7\u00e3o &#8211;  Comprasnet<\/a> <\/p>\n\n\n\n<p>14\/12\/2021 &#8211; <a rel=\"noreferrer noopener\" href=\"https:\/\/www.confere.org.br\/wordpress\/wp-content\/uploads\/2021\/12\/Termo-de-homologacao-Pregao-Eletronico-n-010.pdf\" target=\"_blank\">Termo de Homologa\u00e7\u00e3o &#8211; Preg\u00e3o Eletr\u00f4nico n\u00ba 010\/2021<\/a><\/p>\n\n\n\n<p>16\/12\/2021 &#8211; <a href=\"https:\/\/www.confere.org.br\/wordpress\/wp-content\/uploads\/2021\/12\/ARP-assinada-Implanta.pdf\" target=\"_blank\" rel=\"noreferrer noopener\">Ata de Registro de Pre\u00e7os<\/a><\/p>\n","protected":false},"excerpt":{"rendered":"<p>20\/08\/2021 &#8211; Edital 20\/08\/2021 &#8211; DOU 01\/09\/2021 &#8211; Sess\u00e3o &#8211; Ata do Comprasnet 01\/09\/2021 &#8211; Relat\u00f3rio de Resultado por Fornecedor &#8211; Comprasnet 01\/09\/2021 &#8211; Termo de Adjudica\u00e7\u00e3o &#8211; Comprasnet 02\/09\/2021 &#8211; Termo de Homologa\u00e7\u00e3o 06\/10\/2021 &#8211; Termo de Revoga\u00e7\u00e3o de Procedimento Licitat\u00f3rio 25\/11\/2021 &#8211; Edital &#8211; Preg\u00e3o Eletr\u00f4nico SRP n\u00ba 010\/2021 25\/11\/2021 &#8211; Publica\u00e7\u00e3o no &hellip; <\/p>\n<p class=\"link-more\"><a href=\"https:\/\/www.confere.org.br\/wordpress\/processo-de-licitacao-no-13-2021-contratacao-de-empresa-de-software-de-gestao-e-demais-servicos\/\" class=\"more-link\">Continue lendo<span class=\"screen-reader-text\"> &#8220;Processo de Licita\u00e7\u00e3o n\u00ba 13\/2021 &#8211; Contrata\u00e7\u00e3o de empresa de software de gest\u00e3o e demais servi\u00e7os&#8221;<\/span><\/a><\/p>\n","protected":false},"author":3,"featured_media":0,"comment_status":"closed","ping_status":"closed","sticky":false,"template":"","format":"standard","meta":[],"categories":[32],"tags":[],"_links":{"self":[{"href":"https:\/\/www.confere.org.br\/wordpress\/wp-json\/wp\/v2\/posts\/5661"}],"collection":[{"href":"https:\/\/www.confere.org.br\/wordpress\/wp-json\/wp\/v2\/posts"}],"about":[{"href":"https:\/\/www.confere.org.br\/wordpress\/wp-json\/wp\/v2\/types\/post"}],"author":[{"embeddable":true,"href":"https:\/\/www.confere.org.br\/wordpress\/wp-json\/wp\/v2\/users\/3"}],"replies":[{"embeddable":true,"href":"https:\/\/www.confere.org.br\/wordpress\/wp-json\/wp\/v2\/comments?post=5661"}],"version-history":[{"count":12,"href":"https:\/\/www.confere.org.br\/wordpress\/wp-json\/wp\/v2\/posts\/5661\/revisions"}],"predecessor-version":[{"id":6334,"href":"https:\/\/www.confere.org.br\/wordpress\/wp-json\/wp\/v2\/posts\/5661\/revisions\/6334"}],"wp:attachment":[{"href":"https:\/\/www.confere.org.br\/wordpress\/wp-json\/wp\/v2\/media?parent=5661"}],"wp:term":[{"taxonomy":"category","embeddable":true,"href":"https:\/\/www.confere.org.br\/wordpress\/wp-json\/wp\/v2\/categories?post=5661"},{"taxonomy":"post_tag","embeddable":true,"href":"https:\/\/www.confere.org.br\/wordpress\/wp-json\/wp\/v2\/tags?post=5661"}],"curies":[{"name":"wp","href":"https:\/\/api.w.org\/{rel}","templated":true}]}}