{"id":5663,"date":"2021-08-24T10:31:23","date_gmt":"2021-08-24T13:31:23","guid":{"rendered":"https:\/\/www.confere.org.br\/wordpress\/?p=5663"},"modified":"2021-08-24T11:19:25","modified_gmt":"2021-08-24T14:19:25","slug":"indice-de-consumo-das-familias-cresce-21-em-agosto","status":"publish","type":"post","link":"https:\/\/www.confere.org.br\/wordpress\/indice-de-consumo-das-familias-cresce-21-em-agosto\/","title":{"rendered":"\u00cdndice de Consumo das Fam\u00edlias cresce 2,1% em agosto"},"content":{"rendered":"\n<p>O indicador Inten\u00e7\u00e3o de Consumo das Fam\u00edlias (ICF), divulgado pela Confedera\u00e7\u00e3o Nacional do Com\u00e9rcio de Bens, Servi\u00e7os e Turismo (CNC), registrou alta pelo terceiro m\u00eas consecutivo, crescendo 2,1% em agosto e totalizando 70,2 pontos. O resultado \u00e9 o melhor desde abril deste ano (70,7 pontos) e superior em 6,1% ao registrado no mesmo m\u00eas de 2020 (66,2 pontos).<br><br>A economista Catarina Carneiro da Silva, respons\u00e1vel pelo ICF, destacou, no entanto, que o \u00edndice se mant\u00e9m abaixo do n\u00edvel de satisfa\u00e7\u00e3o (100 pontos) desde abril de 2015, quando ficou em 102,9 pontos.<br><br>Segundo Catarina, como a perspectiva de consumo foi o item que mais cresceu em agosto (5,6%), as fam\u00edlias parecem acreditar que as condi\u00e7\u00f5es v\u00e3o continuar melhorando. \u201cA tend\u00eancia \u00e9 que continue aumentando o indicador, tanto que a perspectiva de consumo atingiu o maior n\u00edvel desde maio de 2020 [70,7 pontos]. Est\u00e1 com uma recupera\u00e7\u00e3o bem forte e as fam\u00edlias est\u00e3o otimistas em rela\u00e7\u00e3o aos pr\u00f3ximos meses\u201d, disse a economista, em entrevista \u00e0 Ag\u00eancia Brasil.<br><br>O n\u00edvel de consumo atual, com 55,2 pontos &#8212; maior patamar desde mar\u00e7o de 2021 (56 pontos) \u2013 cresceu 3,7% em agosto, o terceiro aumento consecutivo e o mais intenso do per\u00edodo. Na compara\u00e7\u00e3o com o mesmo m\u00eas de 2020, a varia\u00e7\u00e3o foi positiva em 12,2%.<br><br>A renda atual cresceu 1,8% em agosto, e a maior parte das fam\u00edlias (41,5%) j\u00e1 est\u00e1 considerando sua renda igual \u00e0 do ano passado. \u201cIsso n\u00e3o acontecia desde junho de 2020. As fam\u00edlias estavam considerando sua renda pior. Agora, pelo menos, est\u00e3o considerando no mesmo n\u00edvel. J\u00e1 houve uma melhora\u201d, afirmou. O indicador de renda atingiu 77,7 pontos, o maior n\u00edvel desde mar\u00e7o deste ano (79,3 pontos).<img src=\"https:\/\/agenciabrasil.ebc.com.br\/ebc.png?id=1419286&amp;o=node\"><img src=\"https:\/\/agenciabrasil.ebc.com.br\/ebc.gif?id=1419286&amp;o=node\"><\/p>\n\n\n\n<h2>Emprego<\/h2>\n\n\n\n<p>O emprego atual cresceu 0,4% e continua sendo o maior indicador do m\u00eas, puxando o ICF, com 87,3 pontos. \u201cN\u00e3o \u00e9 o que est\u00e1 crescendo mais, mas \u00e9 o que est\u00e1 deixando as fam\u00edlias mais satisfeitas. O mercado de trabalho \u00e9 que leva as pessoas a terem confian\u00e7a para consumir. \u00c9 o que est\u00e1 impulsionando\u201d.<br><br>A melhora do emprego pode ser constatada na an\u00e1lise da perspectiva profissional, que revela aumento de 2,2% em agosto. O indicador est\u00e1 crescendo h\u00e1 dois meses. De acordo com a economista, as fam\u00edlias est\u00e3o vendo o mercado de trabalho atual mais positivo e, no longo prazo, mais positivo ainda, porque est\u00e1 crescendo a uma velocidade maior.<br><br>O acesso ao cr\u00e9dito subiu 0,7% em agosto e foi o \u00fanico indicador a apresentar retra\u00e7\u00e3o (1,1%) na compara\u00e7\u00e3o anual. Segundo Catarina, para maior parte das fam\u00edlias, est\u00e1 mais dif\u00edcil ter acesso ao cr\u00e9dito.<br><br>A economista afirmou que os recentes aumentos dos juros b\u00e1sicos pelo Banco Central para conter a infla\u00e7\u00e3o tornaram o cr\u00e9dito mais desvantajoso para as fam\u00edlias. A queda em rela\u00e7\u00e3o a agosto de 2020 ocorreu porque, \u00e0quela \u00e9poca, havia muito incentivo ao cr\u00e9dito para que as pessoas pudessem se recuperar da pandemia. \u201cTeve aux\u00edlio emergencial. Agora, tem aux\u00edlio, mas em menor n\u00edvel, e os juros est\u00e3o aumentando, tem infla\u00e7\u00e3o, e isso est\u00e1 corroendo um pouco o poder de compra\u201d. Catarina enfatizou que, de qualquer maneira, houve aumento do indicador em agosto.<br><br>O indicador de momento para dur\u00e1veis est\u00e1 aumentando gradualmente, com evolu\u00e7\u00e3o de 1,7% em agosto, embora seja o menor indicador da pesquisa (41,9 pontos). Isso ocorreu porque as fam\u00edlias estavam focando muito em bens essenciais. Agora, esse indicador est\u00e1 se recuperando aos poucos, acrescentou Catarina.<\/p>\n\n\n\n<h2>Insatisfa\u00e7\u00e3o<\/h2>\n\n\n\n<p>Na avalia\u00e7\u00e3o por faixa de renda, as fam\u00edlias com ganhos acima de dez sal\u00e1rios m\u00ednimos revelaram n\u00edvel de insatisfa\u00e7\u00e3o de 87,7 pontos, com avan\u00e7o mensal de 2,7% e anual de 16,9%. A mesma insatisfa\u00e7\u00e3o foi percebida em fam\u00edlias com renda abaixo de dez sal\u00e1rios m\u00ednimos, para as quais o indicador atingiu 66,5 pontos, com alta de 2% no m\u00eas e de 3,3% na compara\u00e7\u00e3o anual. Considera-se grau de insatisfa\u00e7\u00e3o quando o \u00edndice permanece abaixo de 100 pontos. De acordo com a economistarina, quanto mais perto desse n\u00edvel, melhor. \u201cAs duas faixas [de renda] est\u00e3o insatisfeitas, mas as fam\u00edlias de mais baixa renda, por terem indicador menor, est\u00e3o mais insatisfeitas. Est\u00e3o mais longe de 100.\u201d<br><br>Por regi\u00f5es, o ICF de agosto mostra que o Norte registrou a maior queda mensal (2,4%), com a menor taxa (55,8 pontos), enquanto o Sudeste e o Sul tiveram as maiores varia\u00e7\u00f5es positivas de 4,1% e 3,2%, e as maiores taxas (71 pontos e 80,8 pontos), respectivamente. Catarina disse que a maioria das regi\u00f5es est\u00e1 melhor do que no ano passado, principalmente o Nordeste, com 71 pontos. Somente o Norte n\u00e3o se recuperou e est\u00e1 17,6 % abaixo de agosto de 2020. As demais regi\u00f5es j\u00e1 conseguiram se recuperar em rela\u00e7\u00e3o ao ano passado.<\/p>\n\n\n\n<p>Fonte: <a href=\"https:\/\/agenciabrasil.ebc.com.br\/economia\/noticia\/2021-08\/indice-de-consumo-das-familias-cresce-21-em-agosto\" target=\"_blank\" rel=\"noreferrer noopener\">Ag\u00eancia Brasil<\/a><\/p>\n","protected":false},"excerpt":{"rendered":"<p>CNC diz que resultado \u00e9 o melhor desde abril deste ano<\/p>\n","protected":false},"author":3,"featured_media":5389,"comment_status":"closed","ping_status":"closed","sticky":false,"template":"","format":"standard","meta":[],"categories":[17,2],"tags":[],"_links":{"self":[{"href":"https:\/\/www.confere.org.br\/wordpress\/wp-json\/wp\/v2\/posts\/5663"}],"collection":[{"href":"https:\/\/www.confere.org.br\/wordpress\/wp-json\/wp\/v2\/posts"}],"about":[{"href":"https:\/\/www.confere.org.br\/wordpress\/wp-json\/wp\/v2\/types\/post"}],"author":[{"embeddable":true,"href":"https:\/\/www.confere.org.br\/wordpress\/wp-json\/wp\/v2\/users\/3"}],"replies":[{"embeddable":true,"href":"https:\/\/www.confere.org.br\/wordpress\/wp-json\/wp\/v2\/comments?post=5663"}],"version-history":[{"count":3,"href":"https:\/\/www.confere.org.br\/wordpress\/wp-json\/wp\/v2\/posts\/5663\/revisions"}],"predecessor-version":[{"id":5666,"href":"https:\/\/www.confere.org.br\/wordpress\/wp-json\/wp\/v2\/posts\/5663\/revisions\/5666"}],"wp:featuredmedia":[{"embeddable":true,"href":"https:\/\/www.confere.org.br\/wordpress\/wp-json\/wp\/v2\/media\/5389"}],"wp:attachment":[{"href":"https:\/\/www.confere.org.br\/wordpress\/wp-json\/wp\/v2\/media?parent=5663"}],"wp:term":[{"taxonomy":"category","embeddable":true,"href":"https:\/\/www.confere.org.br\/wordpress\/wp-json\/wp\/v2\/categories?post=5663"},{"taxonomy":"post_tag","embeddable":true,"href":"https:\/\/www.confere.org.br\/wordpress\/wp-json\/wp\/v2\/tags?post=5663"}],"curies":[{"name":"wp","href":"https:\/\/api.w.org\/{rel}","templated":true}]}}