{"id":5669,"date":"2021-08-24T14:32:17","date_gmt":"2021-08-24T17:32:17","guid":{"rendered":"https:\/\/www.confere.org.br\/wordpress\/?p=5669"},"modified":"2022-11-18T10:43:01","modified_gmt":"2022-11-18T13:43:01","slug":"2020-ato-homologatorio-no-03-2020","status":"publish","type":"post","link":"https:\/\/www.confere.org.br\/wordpress\/2020-ato-homologatorio-no-03-2020\/","title":{"rendered":"2020 &#8211; Ato Homologat\u00f3rio n\u00ba 03\/2020"},"content":{"rendered":"\n<p>Homologa o resultado da elei\u00e7\u00e3o para composi\u00e7\u00e3o do Conselho Regional dos Representantes Comerciais no Estado do Esp\u00edrito Santo.<\/p>\n\n\n\n<p><a href=\"https:\/\/www.confere.org.br\/wordpress\/wp-content\/uploads\/2020\/08\/ATO-HOMOLOGATORIO-CORE_ES_03_2020.pdf\" target=\"_blank\" rel=\"noreferrer noopener\">https:\/\/www.confere.org.br\/wordpress\/wp-content\/uploads\/2020\/08\/ATO-HOMOLOGATORIO-CORE_ES_03_2020.pdf<\/a><\/p>\n","protected":false},"excerpt":{"rendered":"<p>3, Ato Homologat\u00f3rio, https:\/\/www.confere.org.br\/wordpress\/wp-content\/uploads\/2020\/08\/ATO-HOMOLOGATORIO-CORE_ES_03_2020.pdf<\/p>\n","protected":false},"author":3,"featured_media":0,"comment_status":"closed","ping_status":"closed","sticky":false,"template":"","format":"standard","meta":[],"categories":[52],"tags":[],"_links":{"self":[{"href":"https:\/\/www.confere.org.br\/wordpress\/wp-json\/wp\/v2\/posts\/5669"}],"collection":[{"href":"https:\/\/www.confere.org.br\/wordpress\/wp-json\/wp\/v2\/posts"}],"about":[{"href":"https:\/\/www.confere.org.br\/wordpress\/wp-json\/wp\/v2\/types\/post"}],"author":[{"embeddable":true,"href":"https:\/\/www.confere.org.br\/wordpress\/wp-json\/wp\/v2\/users\/3"}],"replies":[{"embeddable":true,"href":"https:\/\/www.confere.org.br\/wordpress\/wp-json\/wp\/v2\/comments?post=5669"}],"version-history":[{"count":2,"href":"https:\/\/www.confere.org.br\/wordpress\/wp-json\/wp\/v2\/posts\/5669\/revisions"}],"predecessor-version":[{"id":5680,"href":"https:\/\/www.confere.org.br\/wordpress\/wp-json\/wp\/v2\/posts\/5669\/revisions\/5680"}],"wp:attachment":[{"href":"https:\/\/www.confere.org.br\/wordpress\/wp-json\/wp\/v2\/media?parent=5669"}],"wp:term":[{"taxonomy":"category","embeddable":true,"href":"https:\/\/www.confere.org.br\/wordpress\/wp-json\/wp\/v2\/categories?post=5669"},{"taxonomy":"post_tag","embeddable":true,"href":"https:\/\/www.confere.org.br\/wordpress\/wp-json\/wp\/v2\/tags?post=5669"}],"curies":[{"name":"wp","href":"https:\/\/api.w.org\/{rel}","templated":true}]}}