{"id":5699,"date":"2021-08-25T11:21:45","date_gmt":"2021-08-25T14:21:45","guid":{"rendered":"https:\/\/www.confere.org.br\/wordpress\/?p=5699"},"modified":"2022-11-18T10:40:42","modified_gmt":"2022-11-18T13:40:42","slug":"2021-ato-homologatorio-no-01-2021","status":"publish","type":"post","link":"https:\/\/www.confere.org.br\/wordpress\/2021-ato-homologatorio-no-01-2021\/","title":{"rendered":"2021 &#8211; Ato Homologat\u00f3rio n\u00ba 01\/2021"},"content":{"rendered":"\n<p>Homologa o resultado da elei\u00e7\u00e3o para composi\u00e7\u00e3o do Conselho Regional dos Representantes Comerciais no Estado do Rio Grande do Sul &#8211; Core-RS, para o tri\u00eanio 2021\/2024.<\/p>\n\n\n\n<p><a href=\"https:\/\/www.confere.org.br\/wordpress\/wp-content\/uploads\/2021\/03\/ATO-HOMOLOGATORIO-CORE-RS_01_2021.pdf\" target=\"_blank\" rel=\"noreferrer noopener\">https:\/\/www.confere.org.br\/wordpress\/wp-content\/uploads\/2021\/03\/ATO-HOMOLOGATORIO-CORE-RS_01_2021.pdf<\/a><\/p>\n","protected":false},"excerpt":{"rendered":"<p>1, Ato Homologat\u00f3rio, https:\/\/www.confere.org.br\/wordpress\/wp-content\/uploads\/2021\/03\/ATO-HOMOLOGATORIO-CORE-RS_01_2021.pdf<\/p>\n","protected":false},"author":3,"featured_media":0,"comment_status":"closed","ping_status":"closed","sticky":false,"template":"","format":"standard","meta":[],"categories":[52],"tags":[],"_links":{"self":[{"href":"https:\/\/www.confere.org.br\/wordpress\/wp-json\/wp\/v2\/posts\/5699"}],"collection":[{"href":"https:\/\/www.confere.org.br\/wordpress\/wp-json\/wp\/v2\/posts"}],"about":[{"href":"https:\/\/www.confere.org.br\/wordpress\/wp-json\/wp\/v2\/types\/post"}],"author":[{"embeddable":true,"href":"https:\/\/www.confere.org.br\/wordpress\/wp-json\/wp\/v2\/users\/3"}],"replies":[{"embeddable":true,"href":"https:\/\/www.confere.org.br\/wordpress\/wp-json\/wp\/v2\/comments?post=5699"}],"version-history":[{"count":1,"href":"https:\/\/www.confere.org.br\/wordpress\/wp-json\/wp\/v2\/posts\/5699\/revisions"}],"predecessor-version":[{"id":5700,"href":"https:\/\/www.confere.org.br\/wordpress\/wp-json\/wp\/v2\/posts\/5699\/revisions\/5700"}],"wp:attachment":[{"href":"https:\/\/www.confere.org.br\/wordpress\/wp-json\/wp\/v2\/media?parent=5699"}],"wp:term":[{"taxonomy":"category","embeddable":true,"href":"https:\/\/www.confere.org.br\/wordpress\/wp-json\/wp\/v2\/categories?post=5699"},{"taxonomy":"post_tag","embeddable":true,"href":"https:\/\/www.confere.org.br\/wordpress\/wp-json\/wp\/v2\/tags?post=5699"}],"curies":[{"name":"wp","href":"https:\/\/api.w.org\/{rel}","templated":true}]}}