{"id":5781,"date":"2021-09-03T10:15:07","date_gmt":"2021-09-03T13:15:07","guid":{"rendered":"https:\/\/www.confere.org.br\/wordpress\/?p=5781"},"modified":"2021-09-03T10:17:50","modified_gmt":"2021-09-03T13:17:50","slug":"semana-brasil-2021-comeca-nesta-sexta-com-descontos-de-ate-70","status":"publish","type":"post","link":"https:\/\/www.confere.org.br\/wordpress\/semana-brasil-2021-comeca-nesta-sexta-com-descontos-de-ate-70\/","title":{"rendered":"Semana Brasil 2021 come\u00e7a nesta sexta com descontos de at\u00e9 70%"},"content":{"rendered":"\n<p>Come\u00e7a nesta&nbsp;sexta-feira (3) a terceira edi\u00e7\u00e3o da Semana Brasil. At\u00e9 o dia 13, empresas de com\u00e9rcio e de varejo far\u00e3o ofertas e promo\u00e7\u00f5es com o objetivo de movimentar a economia brasileira, estimular o consumo e gerar empregos.<img src=\"https:\/\/agenciabrasil.ebc.com.br\/ebc.png?id=1420553&amp;o=node\"><img src=\"https:\/\/agenciabrasil.ebc.com.br\/ebc.gif?id=1420553&amp;o=node\"><\/p>\n\n\n\n<p>Como nos anos anteriores, a Semana Brasil&nbsp;ocorre junto com as comemora\u00e7\u00f5es da&nbsp;Semana da P\u00e1tria, quando \u00e9 celebrada a Independ\u00eancia do&nbsp;Brasil, no dia&nbsp;7 de setembro.&nbsp;O&nbsp;tema deste ano \u00e9 \u201cVamos em frente com cuidado e confian\u00e7a\u201d. A iniciativa \u00e9 uma parceria do governo federal com o Instituto para Desenvolvimento do Varejo (IDV), a Associa\u00e7\u00e3o Comercial de S\u00e3o Paulo&nbsp;e o apoio de diversas entidades.<\/p>\n\n\n\n<p>De acordo com o IDV, a pandemia teve impacto em todos os setores da economia e modificou a rela\u00e7\u00e3o com o consumo, tornando-o mais racional e menos emocional. \u201cAs pessoas est\u00e3o mobilizadas para salvar neg\u00f3cios e empregos, alguns indicadores t\u00eam mostrado uma rea\u00e7\u00e3o da economia e h\u00e1 uma demanda reprimida\u201d, disse Marcelo Silva, presidente do instituto.<\/p>\n\n\n\n<h4><br>Semana Brasil<\/h4>\n\n\n\n<p>Criada em 2019, a Semana Brasil \u00e9 baseada em tr\u00eas pilares: colabora\u00e7\u00e3o, otimismo e oportunidade. Um dos objetivos da campanha \u00e9 celebrar a Independ\u00eancia do Brasil, estimulando o patriotismo e o aquecimento da economia, por meio de promo\u00e7\u00f5es e ofertas no com\u00e9rcio. Segundo a Secretaria Especial de Comunica\u00e7\u00e3o Social (Secom), a expectativa do governo \u00e9 de que o evento apresente melhores resultados em rela\u00e7\u00e3o aos anos anteriores.<\/p>\n\n\n\n<p><br><br>Fonte: <a rel=\"noreferrer noopener\" href=\"https:\/\/agenciabrasil.ebc.com.br\/economia\/noticia\/2021-09\/semana-brasil-2021-comeca-nesta-sexta-com-descontos-de-ate-70\" target=\"_blank\">Ag\u00eancia Brasil<\/a><\/p>\n","protected":false},"excerpt":{"rendered":"<p>Objetivo \u00e9 aquecer economia e gerar empregos<\/p>\n","protected":false},"author":3,"featured_media":3340,"comment_status":"closed","ping_status":"closed","sticky":false,"template":"","format":"standard","meta":[],"categories":[2],"tags":[],"_links":{"self":[{"href":"https:\/\/www.confere.org.br\/wordpress\/wp-json\/wp\/v2\/posts\/5781"}],"collection":[{"href":"https:\/\/www.confere.org.br\/wordpress\/wp-json\/wp\/v2\/posts"}],"about":[{"href":"https:\/\/www.confere.org.br\/wordpress\/wp-json\/wp\/v2\/types\/post"}],"author":[{"embeddable":true,"href":"https:\/\/www.confere.org.br\/wordpress\/wp-json\/wp\/v2\/users\/3"}],"replies":[{"embeddable":true,"href":"https:\/\/www.confere.org.br\/wordpress\/wp-json\/wp\/v2\/comments?post=5781"}],"version-history":[{"count":1,"href":"https:\/\/www.confere.org.br\/wordpress\/wp-json\/wp\/v2\/posts\/5781\/revisions"}],"predecessor-version":[{"id":5782,"href":"https:\/\/www.confere.org.br\/wordpress\/wp-json\/wp\/v2\/posts\/5781\/revisions\/5782"}],"wp:featuredmedia":[{"embeddable":true,"href":"https:\/\/www.confere.org.br\/wordpress\/wp-json\/wp\/v2\/media\/3340"}],"wp:attachment":[{"href":"https:\/\/www.confere.org.br\/wordpress\/wp-json\/wp\/v2\/media?parent=5781"}],"wp:term":[{"taxonomy":"category","embeddable":true,"href":"https:\/\/www.confere.org.br\/wordpress\/wp-json\/wp\/v2\/categories?post=5781"},{"taxonomy":"post_tag","embeddable":true,"href":"https:\/\/www.confere.org.br\/wordpress\/wp-json\/wp\/v2\/tags?post=5781"}],"curies":[{"name":"wp","href":"https:\/\/api.w.org\/{rel}","templated":true}]}}