{"id":5807,"date":"2021-09-13T16:36:16","date_gmt":"2021-09-13T19:36:16","guid":{"rendered":"https:\/\/www.confere.org.br\/wordpress\/?p=5807"},"modified":"2021-10-01T15:00:30","modified_gmt":"2021-10-01T18:00:30","slug":"eleicao-core-pb-trienio-2021-2024","status":"publish","type":"post","link":"https:\/\/www.confere.org.br\/wordpress\/eleicao-core-pb-trienio-2021-2024\/","title":{"rendered":"ELEI\u00c7\u00c3O CORE-PB &#8211; TRI\u00caNIO 2021\/2024"},"content":{"rendered":"\n<p> 1. Edital<br><a href=\"https:\/\/www.confere.org.br\/wordpress\/wp-content\/uploads\/2021\/09\/EDITAL-DE-CONVOCACAO-DOU-de-10-de-setembro-de-2021.pdf\" target=\"_blank\" rel=\"noreferrer noopener\">&#8211; Publicado no Di\u00e1rio Oficial da Uni\u00e3o em 10.09.21<\/a> <\/p>\n\n\n\n<p><a rel=\"noreferrer noopener\" href=\"https:\/\/www.confere.org.br\/wordpress\/wp-content\/uploads\/2021\/09\/EDITAL-JORNAL-A-UNIAO-11-de-setembro-de-2021.pdf\" target=\"_blank\">&#8211; Publicado no Jornal &#8220;A Uni\u00e3o&#8221; em 11.09.2021<\/a> <\/p>\n\n\n\n<p> 2.&nbsp;<a href=\"https:\/\/www.confere.org.br\/wordpress\/wp-content\/uploads\/2021\/09\/REGULAMENTO-ELEITORAL-SITE.pdf\" target=\"_blank\" rel=\"noreferrer noopener\">Regulamento Eleitoral <\/a><\/p>\n\n\n\n<p> 3. <a href=\"https:\/\/www.confere.org.br\/wordpress\/wp-content\/uploads\/2021\/09\/REQUERIMENTO-DE-REGISTRO-DE-CHAPA-CORE-PB.pdf\" target=\"_blank\" rel=\"noreferrer noopener\">Requerimento de Registro de Chapa<\/a> <\/p>\n\n\n\n<p> 4.<a rel=\"noreferrer noopener\" aria-label=\" (abre numa nova aba)\" href=\"https:\/\/www.confere.org.br\/wordpress\/wp-content\/uploads\/2020\/11\/FICHA-DE-QUALIFICACAO_CORE_RS.pdf\" target=\"_blank\">&nbsp;<\/a><a href=\"https:\/\/www.confere.org.br\/wordpress\/wp-content\/uploads\/2021\/09\/FICHA-DE-QUALIFICACAO-CORE-PB.pdf\" target=\"_blank\" rel=\"noreferrer noopener\">Ficha de Qualifica\u00e7\u00e3o<\/a> <\/p>\n\n\n\n<p> 5.<a rel=\"noreferrer noopener\" aria-label=\" (abre numa nova aba)\" href=\"https:\/\/www.confere.org.br\/wordpress\/wp-content\/uploads\/2020\/11\/DECLARACAO-DE-AQUIESCENCIA-CORE_RS.pdf\" target=\"_blank\">&nbsp;<\/a><a href=\"https:\/\/www.confere.org.br\/wordpress\/wp-content\/uploads\/2021\/09\/DECLARACAO-DE-AQUIESCENCIA-CORE-PB.pdf\" target=\"_blank\" rel=\"noreferrer noopener\">Declara\u00e7\u00e3o de Aquiesc\u00eancia<\/a><\/p>\n\n\n\n<p>6. Resolu\u00e7\u00e3o n\u00ba 1.193\/2021 &#8211; Confere<br><a rel=\"noreferrer noopener\" href=\"https:\/\/www.confere.org.br\/wordpress\/wp-content\/uploads\/2021\/09\/RESOLUCAO-1193_2021-CORE-PB.pdf\" target=\"_blank\">&#8211; Publicado no Di\u00e1rio Oficial da Uni\u00e3o em 10.09.21<\/a><\/p>\n\n\n\n<p>7. Aviso de Registro de Chapa<br><a rel=\"noreferrer noopener\" href=\"https:\/\/www.confere.org.br\/wordpress\/wp-content\/uploads\/2021\/09\/AVISO-DE-REGISTRO-DE-CHAPA_CORE-PB.pdf\" target=\"_blank\">&#8211; Elei\u00e7\u00e3o Core-PB &#8211; Tri\u00eanio 2021\/2024 &#8211; 30.09.2021<\/a><br><a rel=\"noreferrer noopener\" href=\"https:\/\/www.confere.org.br\/wordpress\/wp-content\/uploads\/2021\/10\/AVISO-DE-REGISTRO-DE-CHAPA-DIARIO-OFICIAL-Core-PB.pdf\" target=\"_blank\">&#8211; Publicado no Di\u00e1rio Oficial da Uni\u00e3o em 01.10.2021<\/a><br><a href=\"https:\/\/www.confere.org.br\/wordpress\/wp-content\/uploads\/2021\/10\/REGISTRO-DE-CHAPA-A-UNIAO-01-10-Core-PB.pdf\" target=\"_blank\" rel=\"noreferrer noopener\">&#8211; Publicado no Jornal A Uni\u00e3o 01.10.2021<\/a><\/p>\n","protected":false},"excerpt":{"rendered":"<p>Processo Eleitoral para composi\u00e7\u00e3o do Core-PB<\/p>\n","protected":false},"author":3,"featured_media":0,"comment_status":"closed","ping_status":"closed","sticky":false,"template":"","format":"standard","meta":[],"categories":[43],"tags":[],"_links":{"self":[{"href":"https:\/\/www.confere.org.br\/wordpress\/wp-json\/wp\/v2\/posts\/5807"}],"collection":[{"href":"https:\/\/www.confere.org.br\/wordpress\/wp-json\/wp\/v2\/posts"}],"about":[{"href":"https:\/\/www.confere.org.br\/wordpress\/wp-json\/wp\/v2\/types\/post"}],"author":[{"embeddable":true,"href":"https:\/\/www.confere.org.br\/wordpress\/wp-json\/wp\/v2\/users\/3"}],"replies":[{"embeddable":true,"href":"https:\/\/www.confere.org.br\/wordpress\/wp-json\/wp\/v2\/comments?post=5807"}],"version-history":[{"count":3,"href":"https:\/\/www.confere.org.br\/wordpress\/wp-json\/wp\/v2\/posts\/5807\/revisions"}],"predecessor-version":[{"id":5922,"href":"https:\/\/www.confere.org.br\/wordpress\/wp-json\/wp\/v2\/posts\/5807\/revisions\/5922"}],"wp:attachment":[{"href":"https:\/\/www.confere.org.br\/wordpress\/wp-json\/wp\/v2\/media?parent=5807"}],"wp:term":[{"taxonomy":"category","embeddable":true,"href":"https:\/\/www.confere.org.br\/wordpress\/wp-json\/wp\/v2\/categories?post=5807"},{"taxonomy":"post_tag","embeddable":true,"href":"https:\/\/www.confere.org.br\/wordpress\/wp-json\/wp\/v2\/tags?post=5807"}],"curies":[{"name":"wp","href":"https:\/\/api.w.org\/{rel}","templated":true}]}}