{"id":5811,"date":"2021-09-14T09:58:06","date_gmt":"2021-09-14T12:58:06","guid":{"rendered":"https:\/\/www.confere.org.br\/wordpress\/?p=5811"},"modified":"2021-09-14T09:58:07","modified_gmt":"2021-09-14T12:58:07","slug":"setor-de-servicos-cresce-11-em-julho-e-atinge-maior-nivel-em-cinco-anos","status":"publish","type":"post","link":"https:\/\/www.confere.org.br\/wordpress\/setor-de-servicos-cresce-11-em-julho-e-atinge-maior-nivel-em-cinco-anos\/","title":{"rendered":"Setor de servi\u00e7os cresce 1,1% em julho e atinge maior n\u00edvel em cinco anos"},"content":{"rendered":"\n<p>O volume do setor de servi\u00e7os no pa\u00eds avan\u00e7ou 1,1% em julho, na compara\u00e7\u00e3o com junho. O resultado foi divulgado nesta ter\u00e7a-feira (14) pelo IBGE (Instituto Brasileiro de Geografia e Estat\u00edtica).<\/p>\n\n\n\n<p>Com o desempenho, o setor de servi\u00e7os est\u00e1 3,9% acima do n\u00edvel pr\u00e9-pandemia, de fevereiro de 2020, e alcan\u00e7ou seu patamar mais elevado desde mar\u00e7o de 2016.<\/p>\n\n\n\n<p>Entre janeiro e julho de 2021, o setor acumulou alta de 10,7%. Em per\u00edodo maior, de 12 meses, houve eleva\u00e7\u00e3o de 2,9%.<\/p>\n\n\n\n<p>A alta de 1,1% de junho para julho foi acompanhada por duas das cinco atividades investigadas: servi\u00e7os prestados \u00e0s fam\u00edlias (3,8%), acumulando um ganho de 38,4% entre abril e julho, e servi\u00e7os profissionais, administrativos e complementares (0,6%), com crescimento de 4,3% nos \u00faltimos tr\u00eas meses. Em sentido oposto, vieram os servi\u00e7os de informa\u00e7\u00e3o e comunica\u00e7\u00e3o (-0,4%); os transportes, servi\u00e7os auxiliares aos transportes e correio (-0,2%); e os outros servi\u00e7os (-0,5%).<\/p>\n\n\n\n<p>O IBGE ainda informou que, em rela\u00e7\u00e3o a julho de 2020, o volume de servi\u00e7os cresceu 17,8%. Analistas consultados pela ag\u00eancia Bloomberg projetavam uma alta de 18% nessa base de compara\u00e7\u00e3o.<\/p>\n\n\n\n<p>Ao longo da pandemia, a presta\u00e7\u00e3o de servi\u00e7os diversos foi bastante prejudicada no pa\u00eds. Isso ocorreu porque o setor re\u00fane atividades que dependem da circula\u00e7\u00e3o de clientes, do contrato direto e de aglomera\u00e7\u00f5es. Hot\u00e9is, bares, restaurantes e eventos fazer parte dessa lista.<\/p>\n\n\n\n<p>Servi\u00e7os ligados \u00e0 \u00e1rea de tecnologia e informa\u00e7\u00e3o, por sua vez, tiveram est\u00edmulo com o isolamento social para frear o coronav\u00edrus.<\/p>\n\n\n\n<p>Agora, com a vacina\u00e7\u00e3o contra a Covid-19 e a reabertura da economia, as atividades que dependem do contato direto com clientes apostam em uma melhora dos neg\u00f3cios. Fatores como o desemprego e a infla\u00e7\u00e3o em alta, por outro lado, desafiam a retomada consistente do setor, j\u00e1 que abalam o poder de compra de parte das fam\u00edlias.<\/p>\n\n\n\n<p>Al\u00e9m de apresentar o desempenho de servi\u00e7os, o IBGE tamb\u00e9m j\u00e1 divulgou os balan\u00e7os de outros dois indicadores setoriais referentes a julho: produ\u00e7\u00e3o industrial e vendas do com\u00e9rcio.<\/p>\n\n\n\n<p>Conforme o instituto, a produ\u00e7\u00e3o das f\u00e1bricas caiu 13% frente a junho. J\u00e1 o com\u00e9rcio subiu 1,2%.<br><\/p>\n\n\n\n<figure class=\"wp-block-image size-large\"><img width=\"348\" height=\"485\" src=\"https:\/\/www.confere.org.br\/wordpress\/wp-content\/uploads\/2021\/09\/image-4.png\" alt=\"\" class=\"wp-image-5812\" srcset=\"https:\/\/www.confere.org.br\/wordpress\/wp-content\/uploads\/2021\/09\/image-4.png 348w, https:\/\/www.confere.org.br\/wordpress\/wp-content\/uploads\/2021\/09\/image-4-215x300.png 215w\" sizes=\"(max-width: 348px) 100vw, 348px\" \/><\/figure>\n\n\n\n<p><br><br>Fonte: <a href=\"https:\/\/www1.folha.uol.com.br\/mercado\/2021\/09\/setor-de-servicos-cresce-11-em-julho-e-atinge-maior-nivel-em-cinco-anos.shtml\" target=\"_blank\" rel=\"noreferrer noopener\">Folha de S. Paulo<\/a><\/p>\n","protected":false},"excerpt":{"rendered":"<p>Segmento acumula avan\u00e7o de 10,7% em 2021, diz IBGE<\/p>\n","protected":false},"author":3,"featured_media":5813,"comment_status":"closed","ping_status":"closed","sticky":false,"template":"","format":"standard","meta":[],"categories":[2],"tags":[],"_links":{"self":[{"href":"https:\/\/www.confere.org.br\/wordpress\/wp-json\/wp\/v2\/posts\/5811"}],"collection":[{"href":"https:\/\/www.confere.org.br\/wordpress\/wp-json\/wp\/v2\/posts"}],"about":[{"href":"https:\/\/www.confere.org.br\/wordpress\/wp-json\/wp\/v2\/types\/post"}],"author":[{"embeddable":true,"href":"https:\/\/www.confere.org.br\/wordpress\/wp-json\/wp\/v2\/users\/3"}],"replies":[{"embeddable":true,"href":"https:\/\/www.confere.org.br\/wordpress\/wp-json\/wp\/v2\/comments?post=5811"}],"version-history":[{"count":1,"href":"https:\/\/www.confere.org.br\/wordpress\/wp-json\/wp\/v2\/posts\/5811\/revisions"}],"predecessor-version":[{"id":5814,"href":"https:\/\/www.confere.org.br\/wordpress\/wp-json\/wp\/v2\/posts\/5811\/revisions\/5814"}],"wp:featuredmedia":[{"embeddable":true,"href":"https:\/\/www.confere.org.br\/wordpress\/wp-json\/wp\/v2\/media\/5813"}],"wp:attachment":[{"href":"https:\/\/www.confere.org.br\/wordpress\/wp-json\/wp\/v2\/media?parent=5811"}],"wp:term":[{"taxonomy":"category","embeddable":true,"href":"https:\/\/www.confere.org.br\/wordpress\/wp-json\/wp\/v2\/categories?post=5811"},{"taxonomy":"post_tag","embeddable":true,"href":"https:\/\/www.confere.org.br\/wordpress\/wp-json\/wp\/v2\/tags?post=5811"}],"curies":[{"name":"wp","href":"https:\/\/api.w.org\/{rel}","templated":true}]}}