{"id":5816,"date":"2021-09-13T10:05:00","date_gmt":"2021-09-13T13:05:00","guid":{"rendered":"https:\/\/www.confere.org.br\/wordpress\/?p=5816"},"modified":"2021-09-14T10:11:01","modified_gmt":"2021-09-14T13:11:01","slug":"aceitacao-do-pix-como-pagamento-no-e-commerce-mais-que-dobra-e-vai-a-407","status":"publish","type":"post","link":"https:\/\/www.confere.org.br\/wordpress\/aceitacao-do-pix-como-pagamento-no-e-commerce-mais-que-dobra-e-vai-a-407\/","title":{"rendered":"Aceita\u00e7\u00e3o do Pix como pagamento no e-commerce mais que dobra e vai a 40,7%"},"content":{"rendered":"\n<p>Em maio, a aceita\u00e7\u00e3o era de 32,2%. Para Gast\u00e3o Mattos, cofundador e CEO da Gmattos, a evolu\u00e7\u00e3o do Pix \u00e9 reflexo da alta taxa de convers\u00e3o para os lojistas de e-commerce (entre 60% e 90%), o que significa que d\u00e1 mais receita ao lojista do que outras formas de pagamento, como o d\u00e9bito.<\/p>\n\n\n\n<p>\u201cEla \u00e9 decisiva para que as lojas online tenham motiva\u00e7\u00e3o para operar com esse meio. Transa\u00e7\u00f5es com Pix podem representar de 2 a 3 vezes mais faturamento para a loja, na compara\u00e7\u00e3o com transa\u00e7\u00f5es por cart\u00f5es de&nbsp;<a href=\"https:\/\/6minutos.uol.com.br\/tag\/debito\/\">d\u00e9bito<\/a>\u201d, afirma Mattos.<\/p>\n\n\n\n<p>A pesquisa foi feita entre os dias 1\u00ba e 10 de julho deste ano e considera os maiores lojistas online do Brasil, que juntos representam 85% do mercado.<\/p>\n\n\n\n<p>O estudo mostra tamb\u00e9m que o d\u00e9bito \u00e9 o meio de pagamento que est\u00e1 sendo mais afetado com a aceita\u00e7\u00e3o do Pix. Em rela\u00e7\u00e3o ao boleto, 91,6% das lojas online que aceitam o Pix ainda mant\u00eam o boleto como op\u00e7\u00e3o de pagamento, sendo que apenas 33% aceitam simultaneamente o d\u00e9bito.<\/p>\n\n\n\n<h4><br>Com\u00e9rcio total<\/h4>\n\n\n\n<p>Segundo o estudo,&nbsp;a representatividade do Pix entre os pagamentos por meios eletr\u00f4nicos no com\u00e9rcio brasileiro, tanto online como f\u00edsico, passou de 1,16% para 2,16% do primeiro para o segundo semestre do ano.<\/p>\n\n\n\n<p>A estimativa da Gmattos \u00e9 que o Pix pode representar 3,4% do volume de pagamentos no \u00faltimo trimestre do ano.<\/p>\n\n\n\n<p><br><br>Fonte: <a rel=\"noreferrer noopener\" href=\"https:\/\/6minutos.uol.com.br\/economia\/aceitacao-do-pix-como-pagamento-no-e-commerce-mais-que-dobra-e-vai-a-407\/\" target=\"_blank\">www.6minutos.uol.com.br<\/a><\/p>\n","protected":false},"excerpt":{"rendered":"<p>A aceita\u00e7\u00e3o de Pix como meio de pagamento no e-commerce mais que dobrou de janeiro para julho, passando de 16,9% para 40,7%, segundo um estudo feito pela Gmattos, enviado com exclusividade ao 6 Minutos.<\/p>\n","protected":false},"author":3,"featured_media":5817,"comment_status":"closed","ping_status":"closed","sticky":false,"template":"","format":"standard","meta":[],"categories":[2],"tags":[],"_links":{"self":[{"href":"https:\/\/www.confere.org.br\/wordpress\/wp-json\/wp\/v2\/posts\/5816"}],"collection":[{"href":"https:\/\/www.confere.org.br\/wordpress\/wp-json\/wp\/v2\/posts"}],"about":[{"href":"https:\/\/www.confere.org.br\/wordpress\/wp-json\/wp\/v2\/types\/post"}],"author":[{"embeddable":true,"href":"https:\/\/www.confere.org.br\/wordpress\/wp-json\/wp\/v2\/users\/3"}],"replies":[{"embeddable":true,"href":"https:\/\/www.confere.org.br\/wordpress\/wp-json\/wp\/v2\/comments?post=5816"}],"version-history":[{"count":1,"href":"https:\/\/www.confere.org.br\/wordpress\/wp-json\/wp\/v2\/posts\/5816\/revisions"}],"predecessor-version":[{"id":5818,"href":"https:\/\/www.confere.org.br\/wordpress\/wp-json\/wp\/v2\/posts\/5816\/revisions\/5818"}],"wp:featuredmedia":[{"embeddable":true,"href":"https:\/\/www.confere.org.br\/wordpress\/wp-json\/wp\/v2\/media\/5817"}],"wp:attachment":[{"href":"https:\/\/www.confere.org.br\/wordpress\/wp-json\/wp\/v2\/media?parent=5816"}],"wp:term":[{"taxonomy":"category","embeddable":true,"href":"https:\/\/www.confere.org.br\/wordpress\/wp-json\/wp\/v2\/categories?post=5816"},{"taxonomy":"post_tag","embeddable":true,"href":"https:\/\/www.confere.org.br\/wordpress\/wp-json\/wp\/v2\/tags?post=5816"}],"curies":[{"name":"wp","href":"https:\/\/api.w.org\/{rel}","templated":true}]}}