{"id":5819,"date":"2021-09-15T09:55:57","date_gmt":"2021-09-15T12:55:57","guid":{"rendered":"https:\/\/www.confere.org.br\/wordpress\/?p=5819"},"modified":"2021-09-15T10:05:56","modified_gmt":"2021-09-15T13:05:56","slug":"atividade-economica-tem-alta-de-060-em-julho-diz-banco-central","status":"publish","type":"post","link":"https:\/\/www.confere.org.br\/wordpress\/atividade-economica-tem-alta-de-060-em-julho-diz-banco-central\/","title":{"rendered":"Atividade econ\u00f4mica tem alta de 0,60% em julho, diz Banco Central"},"content":{"rendered":"\n<p>A atividade econ\u00f4mica brasileira registrou alta em julho deste ano, de acordo com dados divulgados hoje (15) pelo Banco Central (BC). O \u00cdndice de Atividade Econ\u00f4mica do Banco Central (IBC-Br) apresentou aumento de 0,60% em julho de 2021 em rela\u00e7\u00e3o ao m\u00eas anterior, de acordo com os dados dessazonalizados (ajustados para o per\u00edodo).<img src=\"https:\/\/agenciabrasil.ebc.com.br\/ebc.png?id=1421661&amp;o=node\"><img src=\"https:\/\/agenciabrasil.ebc.com.br\/ebc.gif?id=1421661&amp;o=node\"><\/p>\n\n\n\n<p>At\u00e9 fevereiro, o IBC-Br vinha apresentando crescimento, ap\u00f3s os choques sofridos em mar\u00e7o e abril do ano passado, em raz\u00e3o das medidas de isolamento social necess\u00e1rias para o enfrentamento da pandemia de covid-19. Nos \u00faltimos meses, entretanto, os resultados oscilaram, com recuos em mar\u00e7o e maio. O trimestre encerrado em julho fechou com oscila\u00e7\u00e3o negativa de 0,02%.<\/p>\n\n\n\n<p>Em julho, o IBC-Br atingiu 140,52 pontos. Na compara\u00e7\u00e3o com julho de 2020, houve crescimento de 5,53% (sem ajuste para o per\u00edodo, j\u00e1 que a compara\u00e7\u00e3o \u00e9 entre meses iguais). No acumulado em 12 meses, o indicador tamb\u00e9m ficou positivo, em 3,26%.<\/p>\n\n\n\n<p>O \u00edndice \u00e9 uma forma de avaliar a evolu\u00e7\u00e3o da atividade econ\u00f4mica brasileira e ajuda o BC a tomar decis\u00f5es sobre a taxa b\u00e1sica de juros, a Selic, definida atualmente em 5,25% ao ano. O \u00edndice incorpora informa\u00e7\u00f5es sobre o n\u00edvel de atividade dos tr\u00eas setores da economia, a ind\u00fastria, o com\u00e9rcio e os servi\u00e7os e agropecu\u00e1ria, al\u00e9m do volume de impostos.<\/p>\n\n\n\n<p>O indicador foi criado pelo Banco Central para tentar antecipar a evolu\u00e7\u00e3o da atividade econ\u00f4mica. Entretanto, o indicador oficial \u00e9 o Produto Interno Bruto (PIB, soma dos bens e servi\u00e7os produzidos no pa\u00eds), calculado pelo Instituto Brasileiro de Geografia e Estat\u00edstica (IBGE).<\/p>\n\n\n\n<p>Em 2020, o PIB do Brasil caiu 4,1%, totalizando R$ 7,4 trilh\u00f5es. Foi a maior queda anual da s\u00e9rie do IBGE, iniciada em 1996 e que interrompeu o crescimento de tr\u00eas anos seguidos, de 2017 a 2019, quando o PIB acumulou alta de 4,6%.<\/p>\n\n\n\n<p><br><br>Fonte: <a rel=\"noreferrer noopener\" href=\"https:\/\/agenciabrasil.ebc.com.br\/economia\/noticia\/2021-09\/atividade-economica-tem-alta-de-060-em-julho-diz-banco-central\" target=\"_blank\">Ag\u00eancia Brasil<\/a><\/p>\n","protected":false},"excerpt":{"rendered":"<p>No acumulado em 12 meses, indicador ficou positivo em 3,26%<\/p>\n","protected":false},"author":3,"featured_media":5821,"comment_status":"closed","ping_status":"closed","sticky":false,"template":"","format":"standard","meta":[],"categories":[2],"tags":[],"_links":{"self":[{"href":"https:\/\/www.confere.org.br\/wordpress\/wp-json\/wp\/v2\/posts\/5819"}],"collection":[{"href":"https:\/\/www.confere.org.br\/wordpress\/wp-json\/wp\/v2\/posts"}],"about":[{"href":"https:\/\/www.confere.org.br\/wordpress\/wp-json\/wp\/v2\/types\/post"}],"author":[{"embeddable":true,"href":"https:\/\/www.confere.org.br\/wordpress\/wp-json\/wp\/v2\/users\/3"}],"replies":[{"embeddable":true,"href":"https:\/\/www.confere.org.br\/wordpress\/wp-json\/wp\/v2\/comments?post=5819"}],"version-history":[{"count":1,"href":"https:\/\/www.confere.org.br\/wordpress\/wp-json\/wp\/v2\/posts\/5819\/revisions"}],"predecessor-version":[{"id":5820,"href":"https:\/\/www.confere.org.br\/wordpress\/wp-json\/wp\/v2\/posts\/5819\/revisions\/5820"}],"wp:featuredmedia":[{"embeddable":true,"href":"https:\/\/www.confere.org.br\/wordpress\/wp-json\/wp\/v2\/media\/5821"}],"wp:attachment":[{"href":"https:\/\/www.confere.org.br\/wordpress\/wp-json\/wp\/v2\/media?parent=5819"}],"wp:term":[{"taxonomy":"category","embeddable":true,"href":"https:\/\/www.confere.org.br\/wordpress\/wp-json\/wp\/v2\/categories?post=5819"},{"taxonomy":"post_tag","embeddable":true,"href":"https:\/\/www.confere.org.br\/wordpress\/wp-json\/wp\/v2\/tags?post=5819"}],"curies":[{"name":"wp","href":"https:\/\/api.w.org\/{rel}","templated":true}]}}