{"id":5822,"date":"2021-09-16T10:34:49","date_gmt":"2021-09-16T13:34:49","guid":{"rendered":"https:\/\/www.confere.org.br\/wordpress\/?p=5822"},"modified":"2021-09-16T10:34:49","modified_gmt":"2021-09-16T13:34:49","slug":"vendas-do-varejo-crescem-19-em-agosto-aponta-pesquisa-da-cielo","status":"publish","type":"post","link":"https:\/\/www.confere.org.br\/wordpress\/vendas-do-varejo-crescem-19-em-agosto-aponta-pesquisa-da-cielo\/","title":{"rendered":"Vendas do varejo crescem 1,9% em agosto, aponta pesquisa da Cielo"},"content":{"rendered":"\n<p>Em meio ao abrandamento das medidas de isolamento e a alta dos pre\u00e7os, as vendas reais do varejo, quando descontada a infla\u00e7\u00e3o, avan\u00e7aram 1,9% em agosto na compara\u00e7\u00e3o com o mesmo m\u00eas do ano passado.<\/p>\n\n\n\n<p>Conforme o \u00cdndice Cielo do Varejo Ampliado (ICVA), em termos nominais, as vendas atingiram um avan\u00e7o de 16%.<\/p>\n\n\n\n<p>O levantamento aponta ainda que, descontando o fato de agosto deste ano ter tido um s\u00e1bado a menos e uma ter\u00e7a-feira a mais, ante o mesmo m\u00eas de 2020, as vendas reais teriam avan\u00e7ado 2,4% e as nominais 16,6%.<\/p>\n\n\n\n<h4><br>Varejo ainda tem espa\u00e7o para retomada<\/h4>\n\n\n\n<p>\u201cO faturamento do Varejo est\u00e1 em crescimento cont\u00ednuo nos \u00faltimos meses, mesmo que com um ritmo menor. No entanto, esse resultado n\u00e3o est\u00e1 associado apenas \u00e0 retomada da atividade comercial em todo o pa\u00eds\u201d, afirma Pedro Lippi, Head de Intelig\u00eancia da Cielo.<\/p>\n\n\n\n<p>Segundo ele, em termos nominais, o varejo est\u00e1 1,4% acima do patamar de 2019, por\u00e9m, desconsiderando os efeitos inflacion\u00e1rios do per\u00edodo, ainda est\u00e1 13,5% abaixo, \u201cindicando que ainda h\u00e1 espa\u00e7o para continuar a retomada das vendas\u201d.<\/p>\n\n\n\n<h4><br>Setores<\/h4>\n\n\n\n<p>De acordo com a pesquisa, descontada a infla\u00e7\u00e3o e com o ajuste de calend\u00e1rio, o macrossetor de bens n\u00e3o dur\u00e1veis sofreu acelera\u00e7\u00e3o na passagem mensal, enquanto bens dur\u00e1veis e semidur\u00e1veis e servi\u00e7os experimentaram desacelera\u00e7\u00e3o.<\/p>\n\n\n\n<p>No macrossetor de bens n\u00e3o dur\u00e1veis, supermercados e hipermercados colaboraram para a acelera\u00e7\u00e3o, enquanto no de bens dur\u00e1veis e semidur\u00e1veis, o destaque para a desacelera\u00e7\u00e3o foi o segmento do vestu\u00e1rio.<\/p>\n\n\n\n<p>Por fim, no macrossetor de servi\u00e7os, o segmento de turismo e transporte foi o principal respons\u00e1vel pela<br>desacelera\u00e7\u00e3o.<\/p>\n\n\n\n<p>O desempenho do varejo vem ajudando, inclusive, na melhora do desempenho do PIB,\u00a0<a rel=\"noreferrer noopener\" href=\"https:\/\/www.infomoney.com.br\/economia\/ibc-br-julho-surpreende-impulsionado-varejo-servicos\/\" target=\"_blank\">como apontaram especialistas ap\u00f3s a divulga\u00e7\u00e3o do IBC-Br, ontem, que veio acima das expectativas<\/a>.<\/p>\n\n\n\n<p><br><br>Fonte: <a rel=\"noreferrer noopener\" href=\"https:\/\/www.infomoney.com.br\/economia\/vendas-do-varejo-crescem-19-em-agosto-aponta-pesquisa-da-cielo\/\" target=\"_blank\">www.infomoney.com.br<\/a><br><\/p>\n","protected":false},"excerpt":{"rendered":"<p>Setor opera acima do patamar de 2019, mas, descontando a infla\u00e7\u00e3o, encontra-se ainda 13,5% abaixo do per\u00edodo pr\u00e9-pandemia<\/p>\n","protected":false},"author":3,"featured_media":3311,"comment_status":"closed","ping_status":"closed","sticky":false,"template":"","format":"standard","meta":[],"categories":[2],"tags":[],"_links":{"self":[{"href":"https:\/\/www.confere.org.br\/wordpress\/wp-json\/wp\/v2\/posts\/5822"}],"collection":[{"href":"https:\/\/www.confere.org.br\/wordpress\/wp-json\/wp\/v2\/posts"}],"about":[{"href":"https:\/\/www.confere.org.br\/wordpress\/wp-json\/wp\/v2\/types\/post"}],"author":[{"embeddable":true,"href":"https:\/\/www.confere.org.br\/wordpress\/wp-json\/wp\/v2\/users\/3"}],"replies":[{"embeddable":true,"href":"https:\/\/www.confere.org.br\/wordpress\/wp-json\/wp\/v2\/comments?post=5822"}],"version-history":[{"count":1,"href":"https:\/\/www.confere.org.br\/wordpress\/wp-json\/wp\/v2\/posts\/5822\/revisions"}],"predecessor-version":[{"id":5823,"href":"https:\/\/www.confere.org.br\/wordpress\/wp-json\/wp\/v2\/posts\/5822\/revisions\/5823"}],"wp:featuredmedia":[{"embeddable":true,"href":"https:\/\/www.confere.org.br\/wordpress\/wp-json\/wp\/v2\/media\/3311"}],"wp:attachment":[{"href":"https:\/\/www.confere.org.br\/wordpress\/wp-json\/wp\/v2\/media?parent=5822"}],"wp:term":[{"taxonomy":"category","embeddable":true,"href":"https:\/\/www.confere.org.br\/wordpress\/wp-json\/wp\/v2\/categories?post=5822"},{"taxonomy":"post_tag","embeddable":true,"href":"https:\/\/www.confere.org.br\/wordpress\/wp-json\/wp\/v2\/tags?post=5822"}],"curies":[{"name":"wp","href":"https:\/\/api.w.org\/{rel}","templated":true}]}}