{"id":5853,"date":"2021-09-17T14:58:57","date_gmt":"2021-09-17T17:58:57","guid":{"rendered":"https:\/\/www.confere.org.br\/wordpress\/?p=5853"},"modified":"2021-09-17T14:58:58","modified_gmt":"2021-09-17T17:58:58","slug":"intencao-de-consumo-das-familias-tem-quarta-alta-consecutiva-diz-cnc","status":"publish","type":"post","link":"https:\/\/www.confere.org.br\/wordpress\/intencao-de-consumo-das-familias-tem-quarta-alta-consecutiva-diz-cnc\/","title":{"rendered":"Inten\u00e7\u00e3o de consumo das fam\u00edlias tem quarta alta consecutiva, diz CNC"},"content":{"rendered":"\n<p>A pesquisa de Inten\u00e7\u00e3o de Consumo das Fam\u00edlias (ICF) de setembro, divulgada hoje (16) pela Confedera\u00e7\u00e3o Nacional do Com\u00e9rcio de Bens, Servi\u00e7os e Turismo (CNC), apresentou o melhor resultado desde mar\u00e7o de 2021, alcan\u00e7ando 72,5 pontos. A pesquisa varia de zero a 200 pontos, sendo que resultados acima de 100 indicam satisfa\u00e7\u00e3o e abaixo de 100, insatisfa\u00e7\u00e3o.<img src=\"https:\/\/agenciabrasil.ebc.com.br\/ebc.png?id=1421851&amp;o=node\"><img src=\"https:\/\/agenciabrasil.ebc.com.br\/ebc.gif?id=1421851&amp;o=node\"><\/p>\n\n\n\n<p>Com ajuste sazonal, a s\u00e9rie apresentou crescimento mensal de 1,9%. \u201cEsse foi o quarto crescimento consecutivo\u201d, observou, em entrevista \u00e0\u00a0<strong>Ag\u00eancia Brasil<\/strong>, a economista Catarina Carneiro da Silva, respons\u00e1vel pela pesquisa.<\/p>\n\n\n\n<p>O n\u00famero registrado em setembro representou aumento de 7,2% em rela\u00e7\u00e3o ao mesmo per\u00edodo de 2020, quando atingiu 67,6 pontos, mas continua abaixo do n\u00edvel de satisfa\u00e7\u00e3o de 100 pontos, o que acontece desde abril de 2015, quando o ICF marcou 102,9 pontos.<\/p>\n\n\n\n<p>Segundo Catarina, a perspectiva de consumo continua a ser o indicador com maior crescimento (+3,7%), a exemplo do que ocorreu nos meses anteriores, enquanto o n\u00edvel de consumo atual atingiu o maior n\u00edvel desde maio de 2020, da ordem de 57,6 pontos, com alta de 2,4%. \u201cOu seja, no curto prazo, as fam\u00edlias j\u00e1 est\u00e3o vendo o seu consumo pr\u00f3ximo ao que era no per\u00edodo pr\u00e9 pandemia e a perspectiva \u00e9 que continue crescendo\u201d.<\/p>\n\n\n\n<p>A economista da CNC avaliou que a perspectiva continua positiva, apesar da infla\u00e7\u00e3o. Ela admitiu que a infla\u00e7\u00e3o afeta o consumo, tanto que a an\u00e1lise do momento para bens dur\u00e1veis sofreu varia\u00e7\u00e3o mensal negativa de 0,5%.<\/p>\n\n\n\n<p>Na an\u00e1lise anual, entretanto, a varia\u00e7\u00e3o foi positiva, atingindo 1,7%. Para a economista,\u00a0apesar do impacto da infla\u00e7\u00e3o, a situa\u00e7\u00e3o das fam\u00edlias continua melhor do que estava no ano passado: \u201cas fam\u00edlias est\u00e3o conscientes da infla\u00e7\u00e3o e muito cautelosas com ela, mas n\u00e3o o suficiente para impedir elas de consumir. Elas est\u00e3o sentindo o impacto, mas a tend\u00eancia continua sendo positiva.\u201d<br><\/p>\n\n\n\n<figure class=\"wp-block-image size-large\"><img width=\"689\" height=\"516\" src=\"https:\/\/www.confere.org.br\/wordpress\/wp-content\/uploads\/2021\/09\/image-6.png\" alt=\"\" class=\"wp-image-5854\" srcset=\"https:\/\/www.confere.org.br\/wordpress\/wp-content\/uploads\/2021\/09\/image-6.png 689w, https:\/\/www.confere.org.br\/wordpress\/wp-content\/uploads\/2021\/09\/image-6-300x225.png 300w\" sizes=\"(max-width: 689px) 100vw, 689px\" \/><\/figure>\n\n\n\n<h4><br>Emprego<\/h4>\n\n\n\n<p>Em rela\u00e7\u00e3o ao mercado de trabalho, a economista disse que est\u00e1 havendo uma recupera\u00e7\u00e3o gradual. O indicador de emprego atual veio positivo em setembro (+1,9%), marcando a quarta alta consecutiva e a mais intensa do per\u00edodo, com eleva\u00e7\u00e3o de 4,5% na an\u00e1lise anual. A CNC observou que o patamar atingido por esse item (89,5 pontos) o manteve como o maior indicador da pesquisa em setembro, sendo tamb\u00e9m o maior n\u00edvel desde mar\u00e7o de 2021 (90 pontos).<\/p>\n\n\n\n<p>A perspectiva profissional mostrou alta de 3,3% em setembro, com varia\u00e7\u00e3o anual positiva de 9,7%. Segundo Catarina, isso significa que os dados futuros est\u00e3o com crescimento ainda mais acelerado do que no curto prazo, o que mostra tend\u00eancia de as fam\u00edlias acreditarem que o melhor est\u00e1 por vir.<\/p>\n\n\n\n<p>Embora tenha crescido 1,6% em setembro, o indicador de acesso ao cr\u00e9dito apresentou redu\u00e7\u00e3o de 0,1% em rela\u00e7\u00e3o ao ano passado, o que pode ser explicado pelo aumento da taxa b\u00e1sica de juros Selic, que torna o cr\u00e9dito um pouco mais caro. \u201cVisto que ele est\u00e1 positivo no m\u00eas, as fam\u00edlias ainda est\u00e3o conseguindo ter acesso ao cr\u00e9dito para poder consumir\u201d.<\/p>\n\n\n\n<h4><br>Satisfa\u00e7\u00e3o<\/h4>\n\n\n\n<p>O \u00edndice de Inten\u00e7\u00e3o de Consumo das Fam\u00edlias (ICF) da CNC revela que, na avalia\u00e7\u00e3o por faixa de renda, tanto as fam\u00edlias que recebem mais de dez sal\u00e1rios m\u00ednimos por m\u00eas, como aquelas que recebem menos que esse valor, tiveram graus de insatisfa\u00e7\u00e3o crescentes no m\u00eas de setembro e na compara\u00e7\u00e3o anual, atingindo patamares de 90,1 pontos e 68,8 pontos, respectivamente. As varia\u00e7\u00f5es positivas foram de 1,4% e 16,9% nas an\u00e1lises mensal e anual, para os mais ricos, e 2,1% e 4,6%, respectivamente, para os mais pobres.<\/p>\n\n\n\n<p>Catarina explica que, embora as duas faixas de renda continuem abaixo de 100 pontos, os mais ricos est\u00e3o mais pr\u00f3ximos do n\u00edvel de satisfa\u00e7\u00e3o do que os mais pobres.<\/p>\n\n\n\n<p>Em um recorte regional, a Regi\u00e3o Norte foi a \u00fanica a apresentar queda. Na varia\u00e7\u00e3o mensal, a redu\u00e7\u00e3o foi de &#8211; 1,9%, atingindo -19,1% na varia\u00e7\u00e3o anual. A Regi\u00e3o Sudeste apresentou as maiores varia\u00e7\u00f5es positivas, de 3,5% em setembro e de 10,6% em compara\u00e7\u00e3o ao ano passado. As fam\u00edlias mais confiantes, contudo, foram encontradas no Sul: 82,3 pontos, mais pr\u00f3ximo do n\u00edvel de satisfa\u00e7\u00e3o (100).<\/p>\n\n\n\n<p><br><br>Fonte: <a rel=\"noreferrer noopener\" href=\"https:\/\/agenciabrasil.ebc.com.br\/economia\/noticia\/2021-09\/intencao-de-consumo-das-familias-tem-quarta-alta-consecutiva-diz-cnc\" target=\"_blank\">Ag\u00eancia Brasil<\/a><\/p>\n","protected":false},"excerpt":{"rendered":"<p>\u00cdndice chegou a 72,5 pontos, ainda abaixo do n\u00edvel de satisfa\u00e7\u00e3o (100)<\/p>\n","protected":false},"author":3,"featured_media":4856,"comment_status":"closed","ping_status":"closed","sticky":false,"template":"","format":"standard","meta":[],"categories":[2],"tags":[],"_links":{"self":[{"href":"https:\/\/www.confere.org.br\/wordpress\/wp-json\/wp\/v2\/posts\/5853"}],"collection":[{"href":"https:\/\/www.confere.org.br\/wordpress\/wp-json\/wp\/v2\/posts"}],"about":[{"href":"https:\/\/www.confere.org.br\/wordpress\/wp-json\/wp\/v2\/types\/post"}],"author":[{"embeddable":true,"href":"https:\/\/www.confere.org.br\/wordpress\/wp-json\/wp\/v2\/users\/3"}],"replies":[{"embeddable":true,"href":"https:\/\/www.confere.org.br\/wordpress\/wp-json\/wp\/v2\/comments?post=5853"}],"version-history":[{"count":1,"href":"https:\/\/www.confere.org.br\/wordpress\/wp-json\/wp\/v2\/posts\/5853\/revisions"}],"predecessor-version":[{"id":5855,"href":"https:\/\/www.confere.org.br\/wordpress\/wp-json\/wp\/v2\/posts\/5853\/revisions\/5855"}],"wp:featuredmedia":[{"embeddable":true,"href":"https:\/\/www.confere.org.br\/wordpress\/wp-json\/wp\/v2\/media\/4856"}],"wp:attachment":[{"href":"https:\/\/www.confere.org.br\/wordpress\/wp-json\/wp\/v2\/media?parent=5853"}],"wp:term":[{"taxonomy":"category","embeddable":true,"href":"https:\/\/www.confere.org.br\/wordpress\/wp-json\/wp\/v2\/categories?post=5853"},{"taxonomy":"post_tag","embeddable":true,"href":"https:\/\/www.confere.org.br\/wordpress\/wp-json\/wp\/v2\/tags?post=5853"}],"curies":[{"name":"wp","href":"https:\/\/api.w.org\/{rel}","templated":true}]}}