{"id":5862,"date":"2021-09-21T10:28:19","date_gmt":"2021-09-21T13:28:19","guid":{"rendered":"https:\/\/www.confere.org.br\/wordpress\/?p=5862"},"modified":"2021-09-21T10:28:19","modified_gmt":"2021-09-21T13:28:19","slug":"ipv-fluxo-de-consumidores-e-vendas-crescem-nos-shoppings-em-agosto","status":"publish","type":"post","link":"https:\/\/www.confere.org.br\/wordpress\/ipv-fluxo-de-consumidores-e-vendas-crescem-nos-shoppings-em-agosto\/","title":{"rendered":"IPV: fluxo de consumidores e vendas crescem nos shoppings em agosto"},"content":{"rendered":"\n<p>Os dados s\u00e3o do \u00cdndice de Performance do Varejo (IPV), organizado pelo venture capital HiPartners Capital &amp; Work em parceria com a Sociedade Brasileira de Varejo e Consumo (SBVC). Os dados s\u00e3o provenientes das empresas FX Data Intelligence; F360\u00ba, plataforma de gest\u00e3o financeira; e Harmo, plataforma de gest\u00e3o de reputa\u00e7\u00e3o online de estabelecimentos offline. O estudo \u00e9 chancelado pela 4intelligence.<\/p>\n\n\n\n<p>As\u00a0<strong>vendas<\/strong>\u00a0acompanharam o fluxo de consumidores e\u00a0<strong>tamb\u00e9m cresceram<\/strong>\u00a0nas lojas de shopping centers. A\u00a0<strong>quantidade de boletos<\/strong>\u00a0gerados cresceu 37,4% no comparativo anual e 6% em rela\u00e7\u00e3o a julho de 2021. J\u00e1 o\u00a0<strong>faturamento<\/strong>\u00a0subiu 37,5% na compara\u00e7\u00e3o com agosto de 2020 e 4% no levantamento mensal.<\/p>\n\n\n\n<p><br><br>Fonte: <a rel=\"noreferrer noopener\" href=\"https:\/\/6minutos.uol.com.br\/economia\/ipv-fluxo-de-consumidores-cresce-nos-shoppings-em-agosto\/\" target=\"_blank\">www.6minutos.uol.com.br<\/a><\/p>\n","protected":false},"excerpt":{"rendered":"<p>Os shopping centers tiveram um m\u00eas positivo no fluxo de consumidores em agosto. O aumento de visitas nos centros de compras foi de 1,7% em rela\u00e7\u00e3o a julho de 2021 e 39,7% diante de agosto de 2020. As lojas f\u00edsicas em geral, por sua vez, tiveram recuo no fluxo de visitantes. O registro foi de queda de 7% na compara\u00e7\u00e3o com julho de 2021 e de 14,3% com agosto de 2020.<\/p>\n","protected":false},"author":3,"featured_media":3729,"comment_status":"closed","ping_status":"closed","sticky":false,"template":"","format":"standard","meta":[],"categories":[2],"tags":[],"_links":{"self":[{"href":"https:\/\/www.confere.org.br\/wordpress\/wp-json\/wp\/v2\/posts\/5862"}],"collection":[{"href":"https:\/\/www.confere.org.br\/wordpress\/wp-json\/wp\/v2\/posts"}],"about":[{"href":"https:\/\/www.confere.org.br\/wordpress\/wp-json\/wp\/v2\/types\/post"}],"author":[{"embeddable":true,"href":"https:\/\/www.confere.org.br\/wordpress\/wp-json\/wp\/v2\/users\/3"}],"replies":[{"embeddable":true,"href":"https:\/\/www.confere.org.br\/wordpress\/wp-json\/wp\/v2\/comments?post=5862"}],"version-history":[{"count":1,"href":"https:\/\/www.confere.org.br\/wordpress\/wp-json\/wp\/v2\/posts\/5862\/revisions"}],"predecessor-version":[{"id":5863,"href":"https:\/\/www.confere.org.br\/wordpress\/wp-json\/wp\/v2\/posts\/5862\/revisions\/5863"}],"wp:featuredmedia":[{"embeddable":true,"href":"https:\/\/www.confere.org.br\/wordpress\/wp-json\/wp\/v2\/media\/3729"}],"wp:attachment":[{"href":"https:\/\/www.confere.org.br\/wordpress\/wp-json\/wp\/v2\/media?parent=5862"}],"wp:term":[{"taxonomy":"category","embeddable":true,"href":"https:\/\/www.confere.org.br\/wordpress\/wp-json\/wp\/v2\/categories?post=5862"},{"taxonomy":"post_tag","embeddable":true,"href":"https:\/\/www.confere.org.br\/wordpress\/wp-json\/wp\/v2\/tags?post=5862"}],"curies":[{"name":"wp","href":"https:\/\/api.w.org\/{rel}","templated":true}]}}