{"id":5875,"date":"2021-09-23T11:18:34","date_gmt":"2021-09-23T14:18:34","guid":{"rendered":"https:\/\/www.confere.org.br\/wordpress\/?p=5875"},"modified":"2021-09-23T11:18:34","modified_gmt":"2021-09-23T14:18:34","slug":"cni-capacidade-instalada-segue-elevada-e-emprego-mantem-crescimento","status":"publish","type":"post","link":"https:\/\/www.confere.org.br\/wordpress\/cni-capacidade-instalada-segue-elevada-e-emprego-mantem-crescimento\/","title":{"rendered":"CNI: capacidade instalada segue elevada e emprego mant\u00e9m crescimento"},"content":{"rendered":"\n<p>A Sondagem Industrial de agosto aponta que a utiliza\u00e7\u00e3o da capacidade instalada da ind\u00fastria segue elevada no pa\u00eds, acima do registrado em anos anteriores, e o emprego tamb\u00e9m continua crescendo no setor. Os dados foram divulgados hoje (23) pela Confedera\u00e7\u00e3o Nacional da Ind\u00fastria (CNI).<img src=\"https:\/\/agenciabrasil.ebc.com.br\/ebc.png?id=1422433&amp;o=node\"><img src=\"https:\/\/agenciabrasil.ebc.com.br\/ebc.gif?id=1422433&amp;o=node\"><\/p>\n\n\n\n<p>Por outro lado, o n\u00edvel de estoques praticamente n\u00e3o mudou no m\u00eas, e segue abaixo do planejado pelas empresas. \u00c9 o terceiro m\u00eas consecutivo em que a diferen\u00e7a entre o n\u00edvel de estoque efetivo e o desejado pelas empresas se mant\u00e9m. A CNI, destaca, entretanto, que essa diferen\u00e7a \u00e9 muito menor que no mesmo m\u00eas de 2020, quando o problema da falta de insumos e mat\u00e9rias-primas vinha se tornando mais cr\u00edtico.<\/p>\n\n\n\n<p>As expectativas do empres\u00e1rio mostraram estabilidade no m\u00eas, \u201cmas seguem especialmente positivas\u201d, segundo a CNI, esperando tamb\u00e9m o aumento da demanda e das exporta\u00e7\u00f5es, assim como o n\u00famero de trabalhadores e as compras de mat\u00e9rias-primas. \u201cNesse cen\u00e1rio, de otimismo do empres\u00e1rio e de alta utiliza\u00e7\u00e3o da capacidade instalada, a inten\u00e7\u00e3o de investir do empres\u00e1rio segue tamb\u00e9m elevada\u201d, diz a entidade.<\/p>\n\n\n\n<h4><br>Dados de agosto<\/h4>\n\n\n\n<p>A Utiliza\u00e7\u00e3o da Capacidade Instalada (UCI) aumentou 1 ponto percentual, para 72%, entre julho e agosto de 2021. O percentual para o m\u00eas se iguala ao registrado no mesmo m\u00eas de 2014 e supera o registrado no m\u00eas de agosto dos anos seguinte.<\/p>\n\n\n\n<p>De acordo com a CNI, o resultado \u00e9 maior mesmo em rela\u00e7\u00e3o a agosto de 2020, \u201cquando a ind\u00fastria vinha em forte recupera\u00e7\u00e3o ap\u00f3s a paralisa\u00e7\u00e3o causada pela covid-19\u201d. E desde maio deste ano a UCI se mant\u00e9m acima da m\u00e9dia dos mesmos meses de 2011 a 2019.<\/p>\n\n\n\n<p>Os empres\u00e1rios da ind\u00fastria tamb\u00e9m voltaram a indicar novo crescimento da produ\u00e7\u00e3o entre julho e agosto. \u00c9 o quarto m\u00eas consecutivo que os empres\u00e1rios da ind\u00fastria de transforma\u00e7\u00e3o e extrativa, de todos os portes, apontam aumento frente ao m\u00eas anterior. O \u00edndice de evolu\u00e7\u00e3o da produ\u00e7\u00e3o ficou em 53 pontos, acima da linha divis\u00f3ria de 50 pontos que separa queda de alta da produ\u00e7\u00e3o.<\/p>\n\n\n\n<p>Segundo a pesquisa, o emprego industrial segue em trajet\u00f3ria de crescimento. O \u00edndice de evolu\u00e7\u00e3o do n\u00famero de empregados ficou em 52,3 pontos, acima da linha divis\u00f3ria pelo quarto m\u00eas consecutivo.<\/p>\n\n\n\n<p>A CNI destaca que, ap\u00f3s registrar 50 pontos em abril, o \u00edndice aumentou nos quatro meses seguintes, \u201cmostrando que as contrata\u00e7\u00f5es s\u00e3o cada vez maiores e disseminadas pela ind\u00fastria\u201d. Nos \u00faltimos 14 meses, o \u00edndice ficou acima dos 50 pontos em 13.<\/p>\n\n\n\n<p>J\u00e1 os estoques seguem abaixo do planejado e o \u00edndice de evolu\u00e7\u00e3o ficou em 49,7 pontos em agosto. A entidade explica que, como o valor ficou muito pr\u00f3ximo da linha divis\u00f3ria de 50 pontos, indica que os estoques mantiveram a estabilidade no m\u00eas passado.<\/p>\n\n\n\n<p>O \u00edndice de n\u00edvel de estoque efetivo em rela\u00e7\u00e3o ao planejado praticamente n\u00e3o mudou, passando de 48,7 pontos em julho, mesmo valor tamb\u00e9m de junho, para 48,6 pontos em agosto. Segundo a CNI, o \u00edndice mostra, portanto, mais um m\u00eas em que os estoques ficam abaixo do planejado pelas empresas. Em 2020, a diferen\u00e7a entre efetivo e planejado era muito maior: \u00edndice de 45,2 pontos.<\/p>\n\n\n\n<p>Otimismo elevado<\/p>\n\n\n\n<p>Os \u00edndices de expectativas dos empres\u00e1rios recuaram entre agosto e setembro, mas todos permanecem bem acima dos 50 pontos, mostrando elevado otimismo dos empres\u00e1rios, segundo a CNI. \u201cOs \u00edndices s\u00e3o especialmente elevados para o m\u00eas: superam o observado no mesmo m\u00eas de anos anteriores desde 2011, exceto somente o registrado em setembro de 2020, quando os \u00edndices vinham influenciados pela forte recupera\u00e7\u00e3o da atividade que ocorria naquele per\u00edodo\u201d, explica a entidade.<\/p>\n\n\n\n<p>O \u00edndice de inten\u00e7\u00e3o de investimento tamb\u00e9m recuou de 59 pontos para 58,5 pontos na passagem de agosto para setembro de 2021. \u201cApesar da queda, o \u00edndice segue muito acima de sua m\u00e9dia hist\u00f3rica (50,5 pontos) e \u00e9 o maior para o m\u00eas desde o in\u00edcio da s\u00e9rie. A inten\u00e7\u00e3o de investir segue elevada por conta do otimismo ainda elevado, combinado a uma alta utiliza\u00e7\u00e3o da capacidade instalada\u201d, diz.<\/p>\n\n\n\n<p>A pesquisa consultou 1.929 empresas de 1\u00ba a 15 de setembro. Do total, 779 s\u00e3o de pequeno porte, 671 de m\u00e9dio e 479 s\u00e3o grandes empresas.<\/p>\n\n\n\n<p><br><br>Fonte: <a rel=\"noreferrer noopener\" href=\"https:\/\/agenciabrasil.ebc.com.br\/economia\/noticia\/2021-09\/cni-utilizacao-industrial-segue-elevada-e-emprego-mantem-crescimento\" target=\"_blank\">Ag\u00eancia Brasil<\/a><\/p>\n","protected":false},"excerpt":{"rendered":"<p>Estoques seguem abaixo do planejado pelas empresas<\/p>\n","protected":false},"author":3,"featured_media":3226,"comment_status":"closed","ping_status":"closed","sticky":false,"template":"","format":"standard","meta":[],"categories":[2],"tags":[],"_links":{"self":[{"href":"https:\/\/www.confere.org.br\/wordpress\/wp-json\/wp\/v2\/posts\/5875"}],"collection":[{"href":"https:\/\/www.confere.org.br\/wordpress\/wp-json\/wp\/v2\/posts"}],"about":[{"href":"https:\/\/www.confere.org.br\/wordpress\/wp-json\/wp\/v2\/types\/post"}],"author":[{"embeddable":true,"href":"https:\/\/www.confere.org.br\/wordpress\/wp-json\/wp\/v2\/users\/3"}],"replies":[{"embeddable":true,"href":"https:\/\/www.confere.org.br\/wordpress\/wp-json\/wp\/v2\/comments?post=5875"}],"version-history":[{"count":1,"href":"https:\/\/www.confere.org.br\/wordpress\/wp-json\/wp\/v2\/posts\/5875\/revisions"}],"predecessor-version":[{"id":5876,"href":"https:\/\/www.confere.org.br\/wordpress\/wp-json\/wp\/v2\/posts\/5875\/revisions\/5876"}],"wp:featuredmedia":[{"embeddable":true,"href":"https:\/\/www.confere.org.br\/wordpress\/wp-json\/wp\/v2\/media\/3226"}],"wp:attachment":[{"href":"https:\/\/www.confere.org.br\/wordpress\/wp-json\/wp\/v2\/media?parent=5875"}],"wp:term":[{"taxonomy":"category","embeddable":true,"href":"https:\/\/www.confere.org.br\/wordpress\/wp-json\/wp\/v2\/categories?post=5875"},{"taxonomy":"post_tag","embeddable":true,"href":"https:\/\/www.confere.org.br\/wordpress\/wp-json\/wp\/v2\/tags?post=5875"}],"curies":[{"name":"wp","href":"https:\/\/api.w.org\/{rel}","templated":true}]}}