{"id":5892,"date":"2021-09-29T09:47:00","date_gmt":"2021-09-29T12:47:00","guid":{"rendered":"https:\/\/www.confere.org.br\/wordpress\/?p=5892"},"modified":"2021-09-30T14:37:01","modified_gmt":"2021-09-30T17:37:01","slug":"inadimplencia-das-micro-e-pequenas-empresas-recua-09-em-agosto-aponta-serasa","status":"publish","type":"post","link":"https:\/\/www.confere.org.br\/wordpress\/inadimplencia-das-micro-e-pequenas-empresas-recua-09-em-agosto-aponta-serasa\/","title":{"rendered":"Inadimpl\u00eancia das micro e pequenas empresas recua 0,9% em agosto, aponta Serasa"},"content":{"rendered":"\n<p>A inadimpl\u00eancia das micro e pequenas empresas recuou 0,9% em agosto ante julho, com 5,33 milh\u00f5es de neg\u00f3cios desse porte com o nome no vermelho, segundo levantamento da&nbsp;<a href=\"https:\/\/g1.globo.com\/tudo-sobre\/serasa-experian\/\">Serasa Experian<\/a>.<\/p>\n\n\n\n<ul><li><a href=\"https:\/\/g1.globo.com\/empreendedorismo\/noticia\/2021\/09\/27\/inflacao-em-disparada-empresarias-e-autonomas-contam-suas-estrategias-para-driblar-perdas-veja-dicas.ghtml\">Infla\u00e7\u00e3o em disparada: empres\u00e1rias e aut\u00f4nomas contam suas estrat\u00e9gias para driblar perdas; veja dicas<\/a><\/li><\/ul>\n\n\n\n<p>Segundo a pesquisa, neg\u00f3cios desses segmentos tamb\u00e9m se tornaram menos insolventes, ou seja, sa\u00edram da situa\u00e7\u00e3o de n\u00e3o ter meios para pagar o que devem, com destaque para os setores de com\u00e9rcio e ind\u00fastria, ambos com diminui\u00e7\u00e3o de 1%. Em servi\u00e7os, houve recuo de 0,7%.<\/p>\n\n\n\n<p>A disponibiliza\u00e7\u00e3o, a partir de julho, de&nbsp;<a href=\"https:\/\/g1.globo.com\/economia\/pme\/noticia\/2021\/07\/09\/novo-pronampe-esta-disponivel-veja-as-regras-e-como-solicitar-emprestimo.ghtml\">linhas de cr\u00e9dito criadas especificamente para as micro e pequenas empresas<\/a>&nbsp;negociarem suas d\u00edvidas pode ter impactado favoravelmente o \u00edndice, segundo Luiz Rabi, economista da Serasa Experian.<\/p>\n\n\n\n<blockquote class=\"wp-block-quote\"><p>\u201cOs donos de neg\u00f3cios est\u00e3o em busca de aux\u00edlio para lidar com suas pend\u00eancias financeiras. Por isso, o recuo observado n\u00e3o reflete uma melhora para as empresas, mas sim um al\u00edvio tempor\u00e1rio, j\u00e1 que os empreendedores ainda devem encontrar muitos desafios diante ao quadro econ\u00f4mico do pa\u00eds&#8221;, afirma Rabi.<\/p><\/blockquote>\n\n\n\n<p>A an\u00e1lise por regi\u00e3o apontou que o Norte teve o melhor desempenho sobre a retra\u00e7\u00e3o da inadimpl\u00eancia, caindo mais que a m\u00e9dia geral (-5,0%). Na sequ\u00eancia v\u00eam Sudeste (0,9%), Centro-Oeste (-0,7%), Sul (-0,3%) e Nordeste (-0,1%).<\/p>\n\n\n\n<p>Considerando os neg\u00f3cios de micro, pequeno, m\u00e9dio e grande porte, foram registradas 5,83 milh\u00f5es de empresas insolventes em agosto deste ano. \u201cAinda assim, o cen\u00e1rio de inadimpl\u00eancia revela retra\u00e7\u00e3o (-0,7%), j\u00e1 que em julho o n\u00famero marcava 5,87 milh\u00f5es\u201d, mostra a Serasa.<\/p>\n\n\n\n<p>A maior parcela de companhias negativadas \u00e9 do setor de servi\u00e7os (51,2%), seguido pelo com\u00e9rcio (38,7%) e ind\u00fastria (8,0%).<\/p>\n\n\n\n<p><br><br>Fonte: <a rel=\"noreferrer noopener\" href=\"https:\/\/g1.globo.com\/empreendedorismo\/noticia\/2021\/09\/28\/inadimplencia-das-micro-e-pequenas-empresas-recua-09percent-em-agosto-aponta-serasa.ghtml\" target=\"_blank\">www.g1.globo.com<\/a><\/p>\n","protected":false},"excerpt":{"rendered":"<p>Pesquisa mostra que setores tamb\u00e9m se tornaram menos insolventes, com destaque para os de com\u00e9rcio e ind\u00fastria, ambos com diminui\u00e7\u00e3o de 1%.<\/p>\n","protected":false},"author":3,"featured_media":3050,"comment_status":"closed","ping_status":"closed","sticky":false,"template":"","format":"standard","meta":[],"categories":[2],"tags":[],"_links":{"self":[{"href":"https:\/\/www.confere.org.br\/wordpress\/wp-json\/wp\/v2\/posts\/5892"}],"collection":[{"href":"https:\/\/www.confere.org.br\/wordpress\/wp-json\/wp\/v2\/posts"}],"about":[{"href":"https:\/\/www.confere.org.br\/wordpress\/wp-json\/wp\/v2\/types\/post"}],"author":[{"embeddable":true,"href":"https:\/\/www.confere.org.br\/wordpress\/wp-json\/wp\/v2\/users\/3"}],"replies":[{"embeddable":true,"href":"https:\/\/www.confere.org.br\/wordpress\/wp-json\/wp\/v2\/comments?post=5892"}],"version-history":[{"count":1,"href":"https:\/\/www.confere.org.br\/wordpress\/wp-json\/wp\/v2\/posts\/5892\/revisions"}],"predecessor-version":[{"id":5893,"href":"https:\/\/www.confere.org.br\/wordpress\/wp-json\/wp\/v2\/posts\/5892\/revisions\/5893"}],"wp:featuredmedia":[{"embeddable":true,"href":"https:\/\/www.confere.org.br\/wordpress\/wp-json\/wp\/v2\/media\/3050"}],"wp:attachment":[{"href":"https:\/\/www.confere.org.br\/wordpress\/wp-json\/wp\/v2\/media?parent=5892"}],"wp:term":[{"taxonomy":"category","embeddable":true,"href":"https:\/\/www.confere.org.br\/wordpress\/wp-json\/wp\/v2\/categories?post=5892"},{"taxonomy":"post_tag","embeddable":true,"href":"https:\/\/www.confere.org.br\/wordpress\/wp-json\/wp\/v2\/tags?post=5892"}],"curies":[{"name":"wp","href":"https:\/\/api.w.org\/{rel}","templated":true}]}}