{"id":5925,"date":"2021-10-04T09:46:00","date_gmt":"2021-10-04T12:46:00","guid":{"rendered":"https:\/\/www.confere.org.br\/wordpress\/?p=5925"},"modified":"2021-10-05T09:48:38","modified_gmt":"2021-10-05T12:48:38","slug":"pix-novo-limite-de-r-1-000-para-transacoes-noturnas-entra-em-vigor","status":"publish","type":"post","link":"https:\/\/www.confere.org.br\/wordpress\/pix-novo-limite-de-r-1-000-para-transacoes-noturnas-entra-em-vigor\/","title":{"rendered":"Pix: novo limite de R$ 1.000 para transa\u00e7\u00f5es noturnas entra em vigor"},"content":{"rendered":"\n<p>Esse limite poder\u00e1 ser alterado a pedido do cliente, mas as institui\u00e7\u00f5es dever\u00e3o estabelecer prazo de 24 horas a 48 horas para a efetiva\u00e7\u00e3o do aumento.<\/p>\n\n\n\n<p>Os clientes ter\u00e3o a op\u00e7\u00e3o de cadastrar contas que poder\u00e3o receber Pix acima dos limites estabelecidos, mantendo limites mais baixos para as demais transa\u00e7\u00f5es.<\/p>\n\n\n\n<p>Para o Procon-SP, as medidas ainda s\u00e3o insuficientes. O \u00f3rg\u00e3o se re\u00fane amanh\u00e3 (dia 5) com o BC para propor a limita\u00e7\u00e3o das transa\u00e7\u00f5es a R$ 1.000 por m\u00eas. Outra proposta \u00e9 que clientes dos bancos s\u00f3 possam usar o Pix ap\u00f3s o prazo de 30 dias. Isso evitaria que contas de laranjas (abertas em nome de outras pessoas) recebam dep\u00f3sitos de criminosos.<\/p>\n\n\n\n<h4><br>Bancos<\/h4>\n\n\n\n<p>Mesmo antes desse prazo entrar em vigor, algumas institui\u00e7\u00f5es j\u00e1 tinham come\u00e7ado a se adaptar aos novos limites. No C6 Bank, os pedidos de aumento de limite s\u00f3 s\u00e3o efetivados \u00e0s 10h do dia \u00fatil seguinte. No Ita\u00fa, o prazo para a altera\u00e7\u00e3o \u00e9 de 24 horas. No Banco do Brasil, o limite s\u00f3 \u00e9 elevado depois do cliente confirmar o pedido em outro canal de atendimento, como na ag\u00eancia banc\u00e1ria.<\/p>\n\n\n\n<h4><br>Mais restri\u00e7\u00f5es em novembro<\/h4>\n\n\n\n<p>A partir de 16 de novembro, os bancos poder\u00e3o bloquear por at\u00e9 72 horas as transa\u00e7\u00f5es suspeitas com Pix.&nbsp;Segundo o BC, esse prazo de bloqueio permitir\u00e1 que a institui\u00e7\u00e3o realize uma an\u00e1lise de fraude mais robusta, dessa forma aumentando a probabilidade de recupera\u00e7\u00e3o dos recursos pelos usu\u00e1rios que foram v\u00edtimas de algum crime.<\/p>\n\n\n\n<p>\u201cSempre que o bloqueio cautelar for acionado a institui\u00e7\u00e3o dever\u00e1 comunicar imediatamente ao usu\u00e1rio recebedor\u201d, diz em nota o BC.<\/p>\n\n\n\n<p>Os bancos tamb\u00e9m ter\u00e3o mais informa\u00e7\u00f5es para ampliar seus mecanismos de preven\u00e7\u00e3o a fraudes com Pix. A partir de novembro, as institui\u00e7\u00f5es ficam obrigadas a notificar infra\u00e7\u00f5es envolvendo o Pix. At\u00e9 agora, essa funcionalidade era facultativa.<\/p>\n\n\n\n<p>Tamb\u00e9m ser\u00e1 criada uma nova funcionalidade que permitir\u00e1 a consulta de informa\u00e7\u00f5es vinculadas \u00e0s chaves Pix para fins de seguran\u00e7a. \u201cAssim, informa\u00e7\u00f5es de notifica\u00e7\u00e3o de fraudes vinculadas a usu\u00e1rios finais estar\u00e3o dispon\u00edveis para todos os participantes do Pix, que poder\u00e3o utilizar essas informa\u00e7\u00f5es em seus processos como, por exemplo, abertura de contas.\u201d<\/p>\n\n\n\n<p><br><br>Fonte: <a rel=\"noreferrer noopener\" href=\"https:\/\/6minutos.uol.com.br\/economia\/pix-novo-limite-de-r-1-000-para-transacoes-noturnas-entra-em-vigor-hoje\/\" target=\"_blank\">www.6minutos.uol.com.br<\/a><\/p>\n","protected":false},"excerpt":{"rendered":"<p>O novo limite de R$ 1.000 para transa\u00e7\u00f5es realizadas por Pix no hor\u00e1rio das 20h \u00e0s 6h entra em vigor nesta segunda-feira (dia 4). A restri\u00e7\u00e3o de valor foi anunciada pelo Banco Central ap\u00f3s o aumento de furtos de celular e sequestros rel\u00e2mpago para que bandidos fizessem transfer\u00eancias por Pix para contas de laranjas.<\/p>\n","protected":false},"author":3,"featured_media":4436,"comment_status":"closed","ping_status":"closed","sticky":false,"template":"","format":"standard","meta":[],"categories":[2],"tags":[],"_links":{"self":[{"href":"https:\/\/www.confere.org.br\/wordpress\/wp-json\/wp\/v2\/posts\/5925"}],"collection":[{"href":"https:\/\/www.confere.org.br\/wordpress\/wp-json\/wp\/v2\/posts"}],"about":[{"href":"https:\/\/www.confere.org.br\/wordpress\/wp-json\/wp\/v2\/types\/post"}],"author":[{"embeddable":true,"href":"https:\/\/www.confere.org.br\/wordpress\/wp-json\/wp\/v2\/users\/3"}],"replies":[{"embeddable":true,"href":"https:\/\/www.confere.org.br\/wordpress\/wp-json\/wp\/v2\/comments?post=5925"}],"version-history":[{"count":1,"href":"https:\/\/www.confere.org.br\/wordpress\/wp-json\/wp\/v2\/posts\/5925\/revisions"}],"predecessor-version":[{"id":5926,"href":"https:\/\/www.confere.org.br\/wordpress\/wp-json\/wp\/v2\/posts\/5925\/revisions\/5926"}],"wp:featuredmedia":[{"embeddable":true,"href":"https:\/\/www.confere.org.br\/wordpress\/wp-json\/wp\/v2\/media\/4436"}],"wp:attachment":[{"href":"https:\/\/www.confere.org.br\/wordpress\/wp-json\/wp\/v2\/media?parent=5925"}],"wp:term":[{"taxonomy":"category","embeddable":true,"href":"https:\/\/www.confere.org.br\/wordpress\/wp-json\/wp\/v2\/categories?post=5925"},{"taxonomy":"post_tag","embeddable":true,"href":"https:\/\/www.confere.org.br\/wordpress\/wp-json\/wp\/v2\/tags?post=5925"}],"curies":[{"name":"wp","href":"https:\/\/api.w.org\/{rel}","templated":true}]}}