{"id":5950,"date":"2021-10-06T09:49:22","date_gmt":"2021-10-06T12:49:22","guid":{"rendered":"https:\/\/www.confere.org.br\/wordpress\/?p=5950"},"modified":"2021-10-06T09:49:22","modified_gmt":"2021-10-06T12:49:22","slug":"cnc-estima-faturamento-recorde-do-varejo-para-o-dia-das-criancas","status":"publish","type":"post","link":"https:\/\/www.confere.org.br\/wordpress\/cnc-estima-faturamento-recorde-do-varejo-para-o-dia-das-criancas\/","title":{"rendered":"CNC estima faturamento recorde do varejo para o Dia das Crian\u00e7as"},"content":{"rendered":"\n<p>Pesquisa da Confedera\u00e7\u00e3o Nacional do Com\u00e9rcio de Bens, Servi\u00e7os e Turismo (CNC), divulgada hoje (5), estima que a movimenta\u00e7\u00e3o financeira do varejo para o Dia das Crian\u00e7as, comemorado no pr\u00f3ximo dia 12, dever\u00e1 alcan\u00e7ar R$ 7,43 bilh\u00f5es. Caso seja confirmada essa expectativa, ser\u00e1 o maior faturamento do com\u00e9rcio varejista nacional para a data, desde 2015, quando atingiu R$ 7,52 bilh\u00f5es. Essa \u00e9 a terceira data mais importante do varejo, depois do Natal e do Dia das M\u00e3es.<img src=\"https:\/\/agenciabrasil.ebc.com.br\/ebc.png?id=1423636&amp;o=node\"><img src=\"https:\/\/agenciabrasil.ebc.com.br\/ebc.gif?id=1423636&amp;o=node\"><\/p>\n\n\n\n<p>No ano passado, a movimenta\u00e7\u00e3o financeira para a celebra\u00e7\u00e3o das crian\u00e7as totalizou R$ 6,52 bilh\u00f5es, menor resultado desde 2009, de R$ 6,18 bilh\u00f5es, mostrando retra\u00e7\u00e3o de 11,3% em rela\u00e7\u00e3o a 2019, de R$ 7,35 bilh\u00f5es. De acordo com economista s\u00eanior da CNC, Fabio Bentes, o avan\u00e7o de 14% em 2021, j\u00e1 descontada a infla\u00e7\u00e3o, \u00e9 atribu\u00eddo \u00e0 fraca base comparativa de 2020 sobre 2019, quando a receita das vendas somou R$ 7,35 bilh\u00f5es. O economista acredita que, tal como aconteceu a partir de 2017 e observado nos anos anteriores, a tend\u00eancia \u00e9 de recupera\u00e7\u00e3o das vendas. \u201cDe 2017 em diante, as vendas vieram crescendo pouco, mas cresceram, e foram interrompidas por esse ano at\u00edpico de 2020 (devido \u00e0 pandemia da covid-19)\u201d, disse o economista.<\/p>\n\n\n\n<p>A expectativa de expans\u00e3o das vendas este ano, se deve ao aumento de 34% na circula\u00e7\u00e3o de consumidores registrado desde o fim da segunda onda da crise sanit\u00e1ria, em outubro de 2020, at\u00e9 o final do m\u00eas passado. \u201cIsso a\u00ed \u00e9 o lastro do otimismo no com\u00e9rcio. Foi assim tamb\u00e9m nas datas comemorativas p\u00f3s segunda onda da covid-19. Desde o final da segunda onda, a gente observa um aumento cont\u00ednuo na movimenta\u00e7\u00e3o do varejo\u201d.<\/p>\n\n\n\n<p>Segundo a CNC, o ramo de eletroeletr\u00f4nicos e brinquedos ser\u00e1 mais uma vez o destaque das vendas para o Dia das Crian\u00e7as, respondendo por 31% do volume projetado, ou o equivalente a R$ 2,31 bilh\u00f5es, seguido pelo ramo de vestu\u00e1rio e cal\u00e7ados (R$ 2,21 bilh\u00f5es), com crescimento real em rela\u00e7\u00e3o \u00e0 mesma data de 2020 em torno de 28% a 29%.<\/p>\n\n\n\n<p>A an\u00e1lise regional revela que o estado de S\u00e3o Paulo se mant\u00e9m na lideran\u00e7a absoluta, com movimenta\u00e7\u00e3o financeira de R$ 2,68 bilh\u00f5es, seguido por Minas Gerais (R$ 758,5 milh\u00f5es), Rio Grande do Sul (R$ 687,2 milh\u00f5es) e Rio de Janeiro (R$ 655,7 milh\u00f5es). Juntos, os quatro estados dever\u00e3o responder por 53,4% do total movimentado na data comemorativa.&nbsp;<\/p>\n\n\n\n<p>A pesquisa mostra, por outro lado, que as maiores taxas em rela\u00e7\u00e3o a 2020 s\u00e3o esperadas no Esp\u00edrito Santo (18,3%), Bahia (4,5%) e Paran\u00e1 (4,4%), onde a recupera\u00e7\u00e3o do com\u00e9rcio se mostra mais forte do que nos demais estados.<\/p>\n\n\n\n<h4><br>Infla\u00e7\u00e3o<\/h4>\n\n\n\n<p>Fabio Bentes disse que apesar do aumento na circula\u00e7\u00e3o de consumidores, o varejo brasileiro ter\u00e1 dificuldades para evitar repasses aos pre\u00e7os de bens e servi\u00e7os ao consumidor final diante da infla\u00e7\u00e3o anualizada de 10,1%, segundo o \u00cdndice de Pre\u00e7os ao Consumidor Amplo (IPCA-15). Os itens que comp\u00f5em a cesta t\u00edpica da data aumentaram 7%, maior taxa desde 2016 (8,8%).&nbsp;<\/p>\n\n\n\n<p>Segundo Fabio Bentes, \u201ca crise ainda est\u00e1 nos calcanhares do com\u00e9rcio\u201d. Entre os produtos e servi\u00e7os mais demandados nessa \u00e9poca do ano, os maiores reajustes em 12 meses s\u00e3o observados nos pre\u00e7os de bicicletas (15,9%), doces (12,3%) e lanches (10,9%), de acordo com a CNC.<\/p>\n\n\n\n<h4><br>Alerta<\/h4>\n\n\n\n<p>Para o Dia das Crian\u00e7as, o alerta do Instituto Nacional de Metrologia, Qualidade e Tecnologia (Inmetro) \u00e9 que os pais estejam atentos \u00e0 combina\u00e7\u00e3o de brincadeira com seguran\u00e7a, principalmente neste momento em que boa parte das compras \u00e9 feita pela internet. A dica na hora de escolher brinquedos para crian\u00e7as de at\u00e9 14 anos de idade, sejam nacionais ou importados, \u00e9 observar a faixa et\u00e1ria e se o produto tem o Selo de Identifica\u00e7\u00e3o da Conformidade do Inmetro, porque isso significa que ele foi submetido aos ensaios de seguran\u00e7a exigidos pelo regulamento. O selo do Inmetro \u00e9 obrigat\u00f3rio em brinquedos desde 1992 e considera itens de seguran\u00e7a como impacto e queda (bordas cortantes e pontas agudas); mordida (partes pequenas que podem ser levadas \u00e0 boca); toxicidade (metais e subst\u00e2ncias nocivos \u00e0 sa\u00fade); inflamabilidade (risco de combust\u00e3o em contato com o fogo); e ru\u00eddo (n\u00edveis acima dos limites estabelecidos pela legisla\u00e7\u00e3o).<\/p>\n\n\n\n<p>Para ajudar na hora da compra, o Inmetro resumiu algumas recomenda\u00e7\u00f5es relativas \u00e0 seguran\u00e7a. A primeira \u00e9 procurar sempre pontos de venda legalmente estabelecidos; comprar somente brinquedos que contenham o selo de identifica\u00e7\u00e3o da conformidade com a marca do Inmetro; o selo deve estar sempre vis\u00edvel, impresso na embalagem, gravado ou numa etiqueta afixada no produto; brinquedos importados tamb\u00e9m devem ser submetidos a ensaios em laborat\u00f3rios acreditados ou reconhecidos pelo Inmetro, al\u00e9m de exibir o selo; os pais devem selecionar o brinquedo considerando a idade, o interesse e o n\u00edvel de habilidade da crian\u00e7a; o brinquedo deve obedecer \u00e0 idade indicada; na hora da compra, exigir a nota fiscal, t\u00edquete do caixa, recibo ou equivalente que somente empresas legalizadas possuem.<\/p>\n\n\n\n<p><br><br>Fonte: <a rel=\"noreferrer noopener\" href=\"https:\/\/agenciabrasil.ebc.com.br\/economia\/noticia\/2021-10\/cnc-estima-faturamento-recorde-do-varejo-para-o-dia-das-criancas\" target=\"_blank\">Ag\u00eancia Brasil<\/a><\/p>\n","protected":false},"excerpt":{"rendered":"<p>A data \u00e9 a terceira mais importante depois do Natal e do Dia das M\u00e3es<\/p>\n","protected":false},"author":3,"featured_media":5951,"comment_status":"closed","ping_status":"closed","sticky":false,"template":"","format":"standard","meta":[],"categories":[2],"tags":[],"_links":{"self":[{"href":"https:\/\/www.confere.org.br\/wordpress\/wp-json\/wp\/v2\/posts\/5950"}],"collection":[{"href":"https:\/\/www.confere.org.br\/wordpress\/wp-json\/wp\/v2\/posts"}],"about":[{"href":"https:\/\/www.confere.org.br\/wordpress\/wp-json\/wp\/v2\/types\/post"}],"author":[{"embeddable":true,"href":"https:\/\/www.confere.org.br\/wordpress\/wp-json\/wp\/v2\/users\/3"}],"replies":[{"embeddable":true,"href":"https:\/\/www.confere.org.br\/wordpress\/wp-json\/wp\/v2\/comments?post=5950"}],"version-history":[{"count":1,"href":"https:\/\/www.confere.org.br\/wordpress\/wp-json\/wp\/v2\/posts\/5950\/revisions"}],"predecessor-version":[{"id":5952,"href":"https:\/\/www.confere.org.br\/wordpress\/wp-json\/wp\/v2\/posts\/5950\/revisions\/5952"}],"wp:featuredmedia":[{"embeddable":true,"href":"https:\/\/www.confere.org.br\/wordpress\/wp-json\/wp\/v2\/media\/5951"}],"wp:attachment":[{"href":"https:\/\/www.confere.org.br\/wordpress\/wp-json\/wp\/v2\/media?parent=5950"}],"wp:term":[{"taxonomy":"category","embeddable":true,"href":"https:\/\/www.confere.org.br\/wordpress\/wp-json\/wp\/v2\/categories?post=5950"},{"taxonomy":"post_tag","embeddable":true,"href":"https:\/\/www.confere.org.br\/wordpress\/wp-json\/wp\/v2\/tags?post=5950"}],"curies":[{"name":"wp","href":"https:\/\/api.w.org\/{rel}","templated":true}]}}