{"id":6007,"date":"2021-10-18T09:41:17","date_gmt":"2021-10-18T12:41:17","guid":{"rendered":"https:\/\/www.confere.org.br\/wordpress\/?p=6007"},"modified":"2021-10-18T13:06:00","modified_gmt":"2021-10-18T16:06:00","slug":"servicos-as-familias-dao-sinais-de-recuperacao-e-devem-pressionar-ainda-mais-a-inflacao","status":"publish","type":"post","link":"https:\/\/www.confere.org.br\/wordpress\/servicos-as-familias-dao-sinais-de-recuperacao-e-devem-pressionar-ainda-mais-a-inflacao\/","title":{"rendered":"Servi\u00e7os \u00e0s fam\u00edlias d\u00e3o sinais de recupera\u00e7\u00e3o e devem pressionar ainda mais a infla\u00e7\u00e3o"},"content":{"rendered":"\n<p>Em agosto, os servi\u00e7os prestados \u00e0s fam\u00edlias \u2013 como hot\u00e9is e restaurantes \u2013 avan\u00e7aram 4,1%, quinta taxa positiva desde abril. No ano, o segmento acumula crescimento de 50,5%.<\/p>\n\n\n\n<p>\u201cMais uma vez, destaque para a (forte) retomada dos servi\u00e7os prestados \u00e0s fam\u00edlias, como reflexo dos avan\u00e7os na vacina\u00e7\u00e3o contra a covid-19 e reabertura da economia. Neste sentido, os servi\u00e7os de hospedagem e alimenta\u00e7\u00e3o saltaram 4,5% naquele m\u00eas (e tiveram expans\u00e3o de 55% desde abril)\u201d, diz em relat\u00f3rio Rodolfo Margato economista da&nbsp;<a href=\"https:\/\/6minutos.uol.com.br\/tag\/xp\">XP<\/a>.<\/p>\n\n\n\n<p>Essa retomada do setor de servi\u00e7os ajuda a manter no azul as proje\u00e7\u00f5es para o PIB do terceiro trimestre de 2021. O Ita\u00fa reduziu sua estimativa de crescimento no per\u00edodo para 0,4%. \u201cTaxas ainda positivas de crescimento trimestral do PIB se devem exclusivamente \u00e0 retomada em curso do setor de servi\u00e7os \u00e0 medida que a mobilidade se normaliza\u201d, afirma relat\u00f3rio do Ita\u00fa-Unibanco.<\/p>\n\n\n\n<p>Por outro lado, esse retorno deve acelerar ainda mais a infla\u00e7\u00e3o, j\u00e1 que as pessoas v\u00e3o voltar a consumir servi\u00e7os que ficaram parados durante a pandemia. \u201cA infla\u00e7\u00e3o corrente apresenta malta disseminada e segue indicando repasse para itens mais inerciais, como servi\u00e7os\u201d, diz o Ita\u00fa.<\/p>\n\n\n\n<p>Como fica o setor daqui para a frente? Esse processo de recupera\u00e7\u00e3o deve continuar, mas ningu\u00e9m deve esperar por saltos de crescimento. \u201cA expectativa para os pr\u00f3ximos meses \u00e9 de continuidade dessa retomada do setor, porque ainda tem alguns segmentos muito abaixo no n\u00edvel pr\u00e9 pandemia, como servi\u00e7os prestados \u00e0s fam\u00edlias e transporte a\u00e9reo\u201d, disse Rodolpho Tobler, coordenador da sondagem do com\u00e9rcio do Ibre\/FGV.<\/p>\n\n\n\n<p>Segundo ele, o ritmo de retomada deve ser mais pr\u00f3ximo do que ocorreu em agosto (alta m\u00e9dia de 0,5%). \u201cA cautela dos consumidores ainda n\u00e3o permite imaginar uma recupera\u00e7\u00e3o muito mais forte.\u201d<\/p>\n\n\n\n<p><br><br>Fonte: <a href=\"https:\/\/6minutos.uol.com.br\/economia\/servicos-as-familias-dao-sinais-de-recuperacao-e-devem-pressionar-ainda-mais-a-inflacao\/\" target=\"_blank\" rel=\"noreferrer noopener\">www.6minutos.uol.com.br<\/a><\/p>\n","protected":false},"excerpt":{"rendered":"<p>O avan\u00e7o da vacina\u00e7\u00e3o estimulou o retorno das atividades presenciais. Quem tem se beneficiado disso \u00e9 o setor de servi\u00e7os, que foi duramente afetado pelas restri\u00e7\u00f5es de funcionamento impostas pela pandemia de coronav\u00edrus.<\/p>\n","protected":false},"author":3,"featured_media":6008,"comment_status":"closed","ping_status":"closed","sticky":false,"template":"","format":"standard","meta":[],"categories":[2],"tags":[],"_links":{"self":[{"href":"https:\/\/www.confere.org.br\/wordpress\/wp-json\/wp\/v2\/posts\/6007"}],"collection":[{"href":"https:\/\/www.confere.org.br\/wordpress\/wp-json\/wp\/v2\/posts"}],"about":[{"href":"https:\/\/www.confere.org.br\/wordpress\/wp-json\/wp\/v2\/types\/post"}],"author":[{"embeddable":true,"href":"https:\/\/www.confere.org.br\/wordpress\/wp-json\/wp\/v2\/users\/3"}],"replies":[{"embeddable":true,"href":"https:\/\/www.confere.org.br\/wordpress\/wp-json\/wp\/v2\/comments?post=6007"}],"version-history":[{"count":1,"href":"https:\/\/www.confere.org.br\/wordpress\/wp-json\/wp\/v2\/posts\/6007\/revisions"}],"predecessor-version":[{"id":6009,"href":"https:\/\/www.confere.org.br\/wordpress\/wp-json\/wp\/v2\/posts\/6007\/revisions\/6009"}],"wp:featuredmedia":[{"embeddable":true,"href":"https:\/\/www.confere.org.br\/wordpress\/wp-json\/wp\/v2\/media\/6008"}],"wp:attachment":[{"href":"https:\/\/www.confere.org.br\/wordpress\/wp-json\/wp\/v2\/media?parent=6007"}],"wp:term":[{"taxonomy":"category","embeddable":true,"href":"https:\/\/www.confere.org.br\/wordpress\/wp-json\/wp\/v2\/categories?post=6007"},{"taxonomy":"post_tag","embeddable":true,"href":"https:\/\/www.confere.org.br\/wordpress\/wp-json\/wp\/v2\/tags?post=6007"}],"curies":[{"name":"wp","href":"https:\/\/api.w.org\/{rel}","templated":true}]}}