{"id":6039,"date":"2021-10-19T11:37:58","date_gmt":"2021-10-19T14:37:58","guid":{"rendered":"https:\/\/www.confere.org.br\/wordpress\/?p=6039"},"modified":"2022-09-15T15:31:57","modified_gmt":"2022-09-15T18:31:57","slug":"processo-de-licitacao-no-011-2021-contratacao-de-servicos-gerenciados-de-computacao-em-nuvem","status":"publish","type":"post","link":"https:\/\/www.confere.org.br\/wordpress\/processo-de-licitacao-no-011-2021-contratacao-de-servicos-gerenciados-de-computacao-em-nuvem\/","title":{"rendered":"Processo de Licita\u00e7\u00e3o n\u00ba 011\/2021 &#8211; Contrata\u00e7\u00e3o de Servi\u00e7os Gerenciados de Computa\u00e7\u00e3o em Nuvem"},"content":{"rendered":"\n<p>19\/10\/2021 &#8211; <a rel=\"noreferrer noopener\" href=\"https:\/\/www.confere.org.br\/wordpress\/wp-content\/uploads\/2021\/10\/EDITAL-SRP-007_2021-1.pdf\" target=\"_blank\">Edital Preg\u00e3o Eletr\u00f4nico SRP n\u00ba 007\/2021<\/a><\/p>\n\n\n\n<p><\/p>\n\n\n\n<p><br>19\/10\/2021 &#8211; <a rel=\"noreferrer noopener\" href=\"https:\/\/www.confere.org.br\/wordpress\/wp-content\/uploads\/2021\/10\/Aviso-de-Licitacao-DOU-1.pdf\" target=\"_blank\">Publica\u00e7\u00e3o no DOU <\/a><\/p>\n\n\n\n<p><br>26\/10\/2021 &#8211; <a rel=\"noreferrer noopener\" href=\"https:\/\/www.confere.org.br\/wordpress\/wp-content\/uploads\/2021\/10\/RESPOSTA-AO-pedido-de-esclarecimento-no-01.pdf\" target=\"_blank\">Resposta ao Pedido de Esclarecimento n\u00ba 01 e 02<\/a><\/p>\n\n\n\n<p><br>27\/10\/2021 &#8211; <a rel=\"noreferrer noopener\" href=\"https:\/\/www.confere.org.br\/wordpress\/wp-content\/uploads\/2021\/10\/Resposta-ao-pedido-de-esclarecimento-Pregao-07-2021-III.pdf\" target=\"_blank\">Resposta ao Pedido de Esclarecimento n\u00ba 03<\/a><\/p>\n\n\n\n<p><br>29\/10\/2021 &#8211; <a rel=\"noreferrer noopener\" href=\"https:\/\/www.confere.org.br\/wordpress\/wp-content\/uploads\/2021\/11\/AVISO-DE-SUSPENSAO-DOU_PROCESSO_11_2021.pdf\" target=\"_blank\">Aviso de Suspens\u00e3o &#8211; DOU<\/a><\/p>\n\n\n\n<p><br>21\/12\/2021 &#8211; <a href=\"https:\/\/www.confere.org.br\/wordpress\/wp-content\/uploads\/2021\/12\/Resposta-Pedido-de-Adesao-EXTREME_CONFERE.pdf\" target=\"_blank\" rel=\"noreferrer noopener\">Proposta Extreme Digital<\/a><\/p>\n\n\n\n<p><br>21\/12\/2021 &#8211; <a href=\"https:\/\/www.confere.org.br\/wordpress\/wp-content\/uploads\/2021\/12\/SEI_ME-11459945-Ata-de-Registro-de-Precos-Serv-Tecn-Inf-e-Com.pdf\" target=\"_blank\" rel=\"noreferrer noopener\">Ata de Registro de Pre\u00e7os&nbsp;<\/a><\/p>\n\n\n\n<p><br>21\/12\/2021 &#8211; <a href=\"https:\/\/www.confere.org.br\/wordpress\/wp-content\/uploads\/2021\/12\/Oficio-solicitando-a-ADESAO.pdf\" target=\"_blank\" rel=\"noreferrer noopener\">Solicita\u00e7\u00e3o de Ades\u00e3o&nbsp;<\/a><\/p>\n\n\n\n<p><br>21\/12\/2021 &#8211; <a href=\"https:\/\/www.confere.org.br\/wordpress\/wp-content\/uploads\/2021\/12\/Resposta-Pedido-de-Adesao-EXTREME_CONFERE.pdf\" target=\"_blank\" rel=\"noreferrer noopener\">Resposta ao pedido de Ades\u00e3o &#8211; Extreme Digital<\/a><\/p>\n\n\n\n<p><br>21\/12\/2021 &#8211; <a href=\"https:\/\/www.confere.org.br\/wordpress\/wp-content\/uploads\/2021\/12\/Oficio_20816930-Autorizacao-de-Adesao-ME.pdf\" target=\"_blank\" rel=\"noreferrer noopener\">Resposta ao pedido de Ades\u00e3o &#8211; Minist\u00e9rio da Economia&nbsp;<\/a><\/p>\n\n\n\n<p><br>21\/12\/2021 &#8211; <a rel=\"noreferrer noopener\" href=\"https:\/\/www.confere.org.br\/wordpress\/wp-content\/uploads\/2021\/12\/Aviso-de-Revogacao-do-Pregao-07-2021.pdf\" target=\"_blank\">Aviso de Revoga\u00e7\u00e3o do Preg\u00e3o 07\/2021<\/a><\/p>\n\n\n\n<p><br>26\/01\/2022 &#8211; <a rel=\"noreferrer noopener\" href=\"https:\/\/www.confere.org.br\/wordpress\/wp-content\/uploads\/2022\/01\/Contrato-EXTREME-CONFERE.pdf\" target=\"_blank\">Contrato Extreme Digital<\/a><\/p>\n\n\n\n<p><br>27\/01\/2022 &#8211; <a rel=\"noreferrer noopener\" href=\"https:\/\/www.confere.org.br\/wordpress\/wp-content\/uploads\/2022\/01\/DOU-extrato-EXTREME.pdf\" target=\"_blank\">Extrato de Contrato Extreme Digital &#8211; DOU<\/a><\/p>\n\n\n\n<p><a href=\"https:\/\/www.confere.org.br\/wordpress\/wp-content\/uploads\/2022\/09\/Termo-de-Apostilamento-Extreme-Assinado_ok.pdf\" target=\"_blank\" rel=\"noreferrer noopener\">Termo de Apostilamento<\/a><\/p>\n","protected":false},"excerpt":{"rendered":"<p>19\/10\/2021 &#8211; Edital Preg\u00e3o Eletr\u00f4nico SRP n\u00ba 007\/2021 19\/10\/2021 &#8211; Publica\u00e7\u00e3o no DOU 26\/10\/2021 &#8211; Resposta ao Pedido de Esclarecimento n\u00ba 01 e 02 27\/10\/2021 &#8211; Resposta ao Pedido de Esclarecimento n\u00ba 03 29\/10\/2021 &#8211; Aviso de Suspens\u00e3o &#8211; DOU 21\/12\/2021 &#8211; Proposta Extreme Digital 21\/12\/2021 &#8211; Ata de Registro de Pre\u00e7os&nbsp; 21\/12\/2021 &#8211; Solicita\u00e7\u00e3o &hellip; <\/p>\n<p class=\"link-more\"><a href=\"https:\/\/www.confere.org.br\/wordpress\/processo-de-licitacao-no-011-2021-contratacao-de-servicos-gerenciados-de-computacao-em-nuvem\/\" class=\"more-link\">Continue lendo<span class=\"screen-reader-text\"> &#8220;Processo de Licita\u00e7\u00e3o n\u00ba 011\/2021 &#8211; Contrata\u00e7\u00e3o de Servi\u00e7os Gerenciados de Computa\u00e7\u00e3o em Nuvem&#8221;<\/span><\/a><\/p>\n","protected":false},"author":3,"featured_media":0,"comment_status":"closed","ping_status":"closed","sticky":false,"template":"","format":"standard","meta":[],"categories":[32],"tags":[],"_links":{"self":[{"href":"https:\/\/www.confere.org.br\/wordpress\/wp-json\/wp\/v2\/posts\/6039"}],"collection":[{"href":"https:\/\/www.confere.org.br\/wordpress\/wp-json\/wp\/v2\/posts"}],"about":[{"href":"https:\/\/www.confere.org.br\/wordpress\/wp-json\/wp\/v2\/types\/post"}],"author":[{"embeddable":true,"href":"https:\/\/www.confere.org.br\/wordpress\/wp-json\/wp\/v2\/users\/3"}],"replies":[{"embeddable":true,"href":"https:\/\/www.confere.org.br\/wordpress\/wp-json\/wp\/v2\/comments?post=6039"}],"version-history":[{"count":11,"href":"https:\/\/www.confere.org.br\/wordpress\/wp-json\/wp\/v2\/posts\/6039\/revisions"}],"predecessor-version":[{"id":8707,"href":"https:\/\/www.confere.org.br\/wordpress\/wp-json\/wp\/v2\/posts\/6039\/revisions\/8707"}],"wp:attachment":[{"href":"https:\/\/www.confere.org.br\/wordpress\/wp-json\/wp\/v2\/media?parent=6039"}],"wp:term":[{"taxonomy":"category","embeddable":true,"href":"https:\/\/www.confere.org.br\/wordpress\/wp-json\/wp\/v2\/categories?post=6039"},{"taxonomy":"post_tag","embeddable":true,"href":"https:\/\/www.confere.org.br\/wordpress\/wp-json\/wp\/v2\/tags?post=6039"}],"curies":[{"name":"wp","href":"https:\/\/api.w.org\/{rel}","templated":true}]}}