{"id":6041,"date":"2021-10-19T11:43:07","date_gmt":"2021-10-19T14:43:07","guid":{"rendered":"https:\/\/www.confere.org.br\/wordpress\/?p=6041"},"modified":"2021-10-19T11:43:08","modified_gmt":"2021-10-19T14:43:08","slug":"pesquisa-diz-que-maioria-das-industrias-buscou-inovar-na-pandemia","status":"publish","type":"post","link":"https:\/\/www.confere.org.br\/wordpress\/pesquisa-diz-que-maioria-das-industrias-buscou-inovar-na-pandemia\/","title":{"rendered":"Pesquisa diz que maioria das ind\u00fastrias buscou inovar na pandemia"},"content":{"rendered":"\n<p>A pandemia de covid-19 levou grandes e m\u00e9dias ind\u00fastrias a investirem em processos de inova\u00e7\u00e3o para aumentar a competitividade. \u00c9 o que aponta pesquisa da Confedera\u00e7\u00e3o Nacional da Ind\u00fastria (CNI) divulgada hoje (19). De acordo com o estudo, realizado pelo Instituto FSB Pesquisa, oito em cada dez ind\u00fastrias inovaram e viram crescer a produtividade e os resultados financeiros.<img src=\"https:\/\/agenciabrasil.ebc.com.br\/ebc.png?id=1424791&amp;o=node\"><img src=\"https:\/\/agenciabrasil.ebc.com.br\/ebc.gif?id=1424791&amp;o=node\"><\/p>\n\n\n\n<p>O levantamento teve por objetivo mapear a percep\u00e7\u00e3o de executivos de empresas no Brasil sobre o atual cen\u00e1rio de inova\u00e7\u00e3o dentro e fora das principais companhias em atividade no pa\u00eds. Foram entrevistados executivos de 500 ind\u00fastrias durante o m\u00eas de setembro e a amostragem foi controlada por porte das empresas (m\u00e9dias e grandes) e setor de atividade.<\/p>\n\n\n\n<p>Do total de empresas industriais de m\u00e9dio e grande porte, 88% promoveram alguma inova\u00e7\u00e3o durante a pandemia de covid-19, como forma de buscar solu\u00e7\u00f5es para a crise imposta pelo contexto sanit\u00e1rio.<\/p>\n\n\n\n<p>\u201cDentre o total de empresas ouvidas, 80% registraram ganhos de produtividade, competitividade e lucratividade decorrentes de inova\u00e7\u00f5es. Outras 5% tiveram dois desses ganhos e 2%, um ganho. Apenas 1% das ind\u00fastrias brasileiras inovou e n\u00e3o viu nenhum incremento em seus resultados. Os dados mostram que somente 13% dos executivos entrevistados disseram que suas empresas n\u00e3o inovaram durante a pandemia\u201d, informou a CNI.<\/p>\n\n\n\n<p>O levantamento indica, tamb\u00e9m, que 51% das ind\u00fastrias n\u00e3o possuem setor espec\u00edfico voltado para a renova\u00e7\u00e3o. Os dados apontam, ainda, que 63% das empresas pesquisadas n\u00e3o t\u00eam or\u00e7amento reservado para inova\u00e7\u00e3o e 65% n\u00e3o disp\u00f5em de profissionais exclusivamente dedicados a mudan\u00e7as.<\/p>\n\n\n\n<h4><br>Dificuldades<\/h4>\n\n\n\n<p>De acordo com a pesquisa, as principais causas para dificuldade em mudar durante a pandemia s\u00e3o acessar recursos financeiros de fontes externas (19%), a instabilidade do cen\u00e1rio externo (8%), a contrata\u00e7\u00e3o de profissionais (7%), falta de m\u00e3o de obra qualificada (8%) e o or\u00e7amento da empresa (6%).<\/p>\n\n\n\n<p>Os dados mostram, ainda, que a pandemia trouxe altera\u00e7\u00f5es na produ\u00e7\u00e3o das empresas, com 67% dos entrevistados afirmando que a covid-19 evidenciou altera\u00e7\u00f5es na rela\u00e7\u00e3o com os trabalhadores; 60% disseram que tiveram altera\u00e7\u00f5es nas vendas; 59%, nas rela\u00e7\u00f5es com clientes; 58%, na gest\u00e3o; 53%, nas linhas de produ\u00e7\u00e3o; 51%, na utiliza\u00e7\u00e3o de tecnologias digitais e 44%, na log\u00edstica.<\/p>\n\n\n\n<p>Segundo a CNI, entre os entrevistados, 79% responderam que foram prejudicadas com a pandemia, com destaque para a Regi\u00e3o Nordeste, que concentrou 93% das respostas positivas. E 58% das ind\u00fastrias disseram que a cadeia de fornecedores foi a mais prejudicada, seguida de vendas (40%) e linhas de produ\u00e7\u00e3o (23%).&nbsp;<\/p>\n\n\n\n<p>Ao mesmo tempo, 20% dos executivos disseram que foram pouco ou nada prejudicados pela pandemia. No total, 55% das empresas afirmaram que tiveram aumento no faturamento bruto.<\/p>\n\n\n\n<p>A pesquisa mostrou, ainda, que, para os pr\u00f3ximos tr\u00eas anos, as empresas consideram como prioridades ampliar o volume de vendas (49%), produzir com menos custos (49%), produzir com mais efici\u00eancia (41%), ampliar a produ\u00e7\u00e3o (34%) e fabricar novos produtos (27%). Para isso, entre os setores que as ind\u00fastrias consideram mais importante inovar est\u00e3o o de rela\u00e7\u00e3o com o consumidor (36%), setor de processos (35%) e de produ\u00e7\u00e3o (31%).<\/p>\n\n\n\n<p><br><br>Fonte: <a href=\"https:\/\/agenciabrasil.ebc.com.br\/economia\/noticia\/2021-10\/pesquisa-diz-que-maioria-das-industrias-buscou-inovar-na-pandemia\" target=\"_blank\" rel=\"noreferrer noopener\">Ag\u00eancia Brasil<\/a><\/p>\n","protected":false},"excerpt":{"rendered":"<p>Produzir com menos custos \u00e9 uma das metas das empresas<\/p>\n","protected":false},"author":3,"featured_media":5424,"comment_status":"closed","ping_status":"closed","sticky":false,"template":"","format":"standard","meta":[],"categories":[2],"tags":[],"_links":{"self":[{"href":"https:\/\/www.confere.org.br\/wordpress\/wp-json\/wp\/v2\/posts\/6041"}],"collection":[{"href":"https:\/\/www.confere.org.br\/wordpress\/wp-json\/wp\/v2\/posts"}],"about":[{"href":"https:\/\/www.confere.org.br\/wordpress\/wp-json\/wp\/v2\/types\/post"}],"author":[{"embeddable":true,"href":"https:\/\/www.confere.org.br\/wordpress\/wp-json\/wp\/v2\/users\/3"}],"replies":[{"embeddable":true,"href":"https:\/\/www.confere.org.br\/wordpress\/wp-json\/wp\/v2\/comments?post=6041"}],"version-history":[{"count":1,"href":"https:\/\/www.confere.org.br\/wordpress\/wp-json\/wp\/v2\/posts\/6041\/revisions"}],"predecessor-version":[{"id":6042,"href":"https:\/\/www.confere.org.br\/wordpress\/wp-json\/wp\/v2\/posts\/6041\/revisions\/6042"}],"wp:featuredmedia":[{"embeddable":true,"href":"https:\/\/www.confere.org.br\/wordpress\/wp-json\/wp\/v2\/media\/5424"}],"wp:attachment":[{"href":"https:\/\/www.confere.org.br\/wordpress\/wp-json\/wp\/v2\/media?parent=6041"}],"wp:term":[{"taxonomy":"category","embeddable":true,"href":"https:\/\/www.confere.org.br\/wordpress\/wp-json\/wp\/v2\/categories?post=6041"},{"taxonomy":"post_tag","embeddable":true,"href":"https:\/\/www.confere.org.br\/wordpress\/wp-json\/wp\/v2\/tags?post=6041"}],"curies":[{"name":"wp","href":"https:\/\/api.w.org\/{rel}","templated":true}]}}