{"id":6043,"date":"2021-10-19T11:46:55","date_gmt":"2021-10-19T14:46:55","guid":{"rendered":"https:\/\/www.confere.org.br\/wordpress\/?p=6043"},"modified":"2021-10-19T11:46:57","modified_gmt":"2021-10-19T14:46:57","slug":"intencao-de-compra-cresce-068-no-4o-trimestre-diz-pesquisa","status":"publish","type":"post","link":"https:\/\/www.confere.org.br\/wordpress\/intencao-de-compra-cresce-068-no-4o-trimestre-diz-pesquisa\/","title":{"rendered":"Inten\u00e7\u00e3o de compra cresce 0,68% no 4\u00ba trimestre, diz pesquisa"},"content":{"rendered":"\n<p>Pesquisa sobre inten\u00e7\u00e3o de compra no pa\u00eds, feita pelo Instituto Brasileiro de Executivos de Varejo e Consumo (Ibevar), mostra que o varejo dever\u00e1 ter alta de 0,68% no quarto trimestre (outubro, novembro e dezembro) de 2021, em compara\u00e7\u00e3o com igual per\u00edodo de 2020. Em rela\u00e7\u00e3o ao trimestre anterior (julho, agosto e setembro), o aumento dever\u00e1 ser de 0,52%.&nbsp;<img src=\"https:\/\/agenciabrasil.ebc.com.br\/ebc.png?id=1424809&amp;o=node\"><img src=\"https:\/\/agenciabrasil.ebc.com.br\/ebc.gif?id=1424809&amp;o=node\"><\/p>\n\n\n\n<p>Segundo o levantamento, o crescimento do \u00faltimo semestre dever\u00e1 ser sustentado pelas categorias de ve\u00edculos, combust\u00edveis, produtos farmacol\u00f3gicos, artigos de uso pessoal e vestu\u00e1rio.<\/p>\n\n\n\n<p>\u201cDeve-se observar que esta recupera\u00e7\u00e3o est\u00e1 muito associada ao aux\u00edlio emergencial. Note-se que a expans\u00e3o do quarto trimestre em rela\u00e7\u00e3o ao terceiro do corrente ano \u00e9 bastante discreta, ou seja, apenas 0,52%. O mesmo pode-se dizer ao comparar os quartos trimestres deste ano em rela\u00e7\u00e3o a 2020\u201d, explicou o economista e presidente do Ibevar, Claudio Felisoni de Angelo.<\/p>\n\n\n\n<h4><br>Alta do consumo<\/h4>\n\n\n\n<p>Segundo a pesquisa, a proje\u00e7\u00e3o para o acumulado de 2021, de janeiro a dezembro, \u00e9 de aumento do consumo em 7,15% relativo a 2020.&nbsp;<\/p>\n\n\n\n<p>\u201cA acelera\u00e7\u00e3o da infla\u00e7\u00e3o, a queda da massa real de pagamentos, em que pese a recupera\u00e7\u00e3o limitada do emprego, e o movimento ascendente das taxas de juros n\u00e3o indicam um crescimento sustent\u00e1vel do consumo. Portanto, o crescimento de 2021 sobre 2020 deve ser observado com cuidado. As raz\u00f5es que o explicam n\u00e3o estar\u00e3o presentes no futuro imediato\u201d, acrescentou o presidente do instituto.<\/p>\n\n\n\n<p>Fonte: <a href=\"https:\/\/agenciabrasil.ebc.com.br\/economia\/noticia\/2021-10\/intencao-de-compra-cresce-068-no-4o-trimestre-diz-pesquisa\" target=\"_blank\" rel=\"noreferrer noopener\">Ag\u00eancia Brasil<\/a><\/p>\n","protected":false},"excerpt":{"rendered":"<p>Em rela\u00e7\u00e3o ao trimestre anterior, alta deve ser 0,52%<\/p>\n","protected":false},"author":3,"featured_media":3455,"comment_status":"closed","ping_status":"closed","sticky":false,"template":"","format":"standard","meta":[],"categories":[2],"tags":[],"_links":{"self":[{"href":"https:\/\/www.confere.org.br\/wordpress\/wp-json\/wp\/v2\/posts\/6043"}],"collection":[{"href":"https:\/\/www.confere.org.br\/wordpress\/wp-json\/wp\/v2\/posts"}],"about":[{"href":"https:\/\/www.confere.org.br\/wordpress\/wp-json\/wp\/v2\/types\/post"}],"author":[{"embeddable":true,"href":"https:\/\/www.confere.org.br\/wordpress\/wp-json\/wp\/v2\/users\/3"}],"replies":[{"embeddable":true,"href":"https:\/\/www.confere.org.br\/wordpress\/wp-json\/wp\/v2\/comments?post=6043"}],"version-history":[{"count":1,"href":"https:\/\/www.confere.org.br\/wordpress\/wp-json\/wp\/v2\/posts\/6043\/revisions"}],"predecessor-version":[{"id":6044,"href":"https:\/\/www.confere.org.br\/wordpress\/wp-json\/wp\/v2\/posts\/6043\/revisions\/6044"}],"wp:featuredmedia":[{"embeddable":true,"href":"https:\/\/www.confere.org.br\/wordpress\/wp-json\/wp\/v2\/media\/3455"}],"wp:attachment":[{"href":"https:\/\/www.confere.org.br\/wordpress\/wp-json\/wp\/v2\/media?parent=6043"}],"wp:term":[{"taxonomy":"category","embeddable":true,"href":"https:\/\/www.confere.org.br\/wordpress\/wp-json\/wp\/v2\/categories?post=6043"},{"taxonomy":"post_tag","embeddable":true,"href":"https:\/\/www.confere.org.br\/wordpress\/wp-json\/wp\/v2\/tags?post=6043"}],"curies":[{"name":"wp","href":"https:\/\/api.w.org\/{rel}","templated":true}]}}