{"id":6047,"date":"2021-10-22T09:29:49","date_gmt":"2021-10-22T12:29:49","guid":{"rendered":"https:\/\/www.confere.org.br\/wordpress\/?p=6047"},"modified":"2021-10-22T10:25:31","modified_gmt":"2021-10-22T13:25:31","slug":"3o-programa-de-recuperacao-fiscal-refis","status":"publish","type":"post","link":"https:\/\/www.confere.org.br\/wordpress\/3o-programa-de-recuperacao-fiscal-refis\/","title":{"rendered":"3\u00ba Programa de Recupera\u00e7\u00e3o Cr\u00e9ditos (Refis)"},"content":{"rendered":"\n<p>Os d\u00e9bitos existentes poder\u00e3o ser pagos com at\u00e9 90% de desconto sobre multas e juros, para pagamento \u00e0 vista, no boleto ou em at\u00e9 12 parcelas no cart\u00e3o de cr\u00e9dito.<\/p>\n\n\n\n<p>Aproveite a oportunidade! Procure o Core da sua regi\u00e3o e solicite o requerimento que dever\u00e1 ser apresentado at\u00e9 o dia 10 de dezembro de 2021.<\/p>\n","protected":false},"excerpt":{"rendered":"<p>Com o 3\u00ba Programa de Recupera\u00e7\u00e3o de Cr\u00e9ditos (Refis) ficou mais f\u00e1cil quitar seus d\u00e9bitos com o Core do seu Estado!<\/p>\n","protected":false},"author":3,"featured_media":6064,"comment_status":"closed","ping_status":"closed","sticky":false,"template":"","format":"standard","meta":[],"categories":[34,49],"tags":[],"_links":{"self":[{"href":"https:\/\/www.confere.org.br\/wordpress\/wp-json\/wp\/v2\/posts\/6047"}],"collection":[{"href":"https:\/\/www.confere.org.br\/wordpress\/wp-json\/wp\/v2\/posts"}],"about":[{"href":"https:\/\/www.confere.org.br\/wordpress\/wp-json\/wp\/v2\/types\/post"}],"author":[{"embeddable":true,"href":"https:\/\/www.confere.org.br\/wordpress\/wp-json\/wp\/v2\/users\/3"}],"replies":[{"embeddable":true,"href":"https:\/\/www.confere.org.br\/wordpress\/wp-json\/wp\/v2\/comments?post=6047"}],"version-history":[{"count":2,"href":"https:\/\/www.confere.org.br\/wordpress\/wp-json\/wp\/v2\/posts\/6047\/revisions"}],"predecessor-version":[{"id":6063,"href":"https:\/\/www.confere.org.br\/wordpress\/wp-json\/wp\/v2\/posts\/6047\/revisions\/6063"}],"wp:featuredmedia":[{"embeddable":true,"href":"https:\/\/www.confere.org.br\/wordpress\/wp-json\/wp\/v2\/media\/6064"}],"wp:attachment":[{"href":"https:\/\/www.confere.org.br\/wordpress\/wp-json\/wp\/v2\/media?parent=6047"}],"wp:term":[{"taxonomy":"category","embeddable":true,"href":"https:\/\/www.confere.org.br\/wordpress\/wp-json\/wp\/v2\/categories?post=6047"},{"taxonomy":"post_tag","embeddable":true,"href":"https:\/\/www.confere.org.br\/wordpress\/wp-json\/wp\/v2\/tags?post=6047"}],"curies":[{"name":"wp","href":"https:\/\/api.w.org\/{rel}","templated":true}]}}