{"id":6060,"date":"2021-10-22T10:21:33","date_gmt":"2021-10-22T13:21:33","guid":{"rendered":"https:\/\/www.confere.org.br\/wordpress\/?p=6060"},"modified":"2021-10-22T10:21:34","modified_gmt":"2021-10-22T13:21:34","slug":"apos-cinco-anos-em-queda-numero-de-empresas-no-brasil-cresceu-em-2019","status":"publish","type":"post","link":"https:\/\/www.confere.org.br\/wordpress\/apos-cinco-anos-em-queda-numero-de-empresas-no-brasil-cresceu-em-2019\/","title":{"rendered":"Ap\u00f3s cinco anos em queda, n\u00famero de empresas no Brasil cresceu em 2019"},"content":{"rendered":"\n<p>Pesquisa in\u00e9dita, divulgada&nbsp;hoje&nbsp;(22) pelo Instituto Brasileiro de Geografia e Estat\u00edstica (IBGE), revela que, ap\u00f3s cinco anos em queda, o n\u00famero de empresas ativas no pa\u00eds aumentou em 2019. Houve um acr\u00e9scimo de 6,6% na compara\u00e7\u00e3o com 2018. Da mesma forma, cresceu o total de assalariados que trabalham para entidades empresariais. O aumento de 774,8 mil representa alta 2,4%.<img src=\"https:\/\/agenciabrasil.ebc.com.br\/ebc.png?id=1425272&amp;o=node\"><img src=\"https:\/\/agenciabrasil.ebc.com.br\/ebc.gif?id=1425272&amp;o=node\"><\/p>\n\n\n\n<p>Intitulada Demografia das Empresas e Empreendedorismo, a pesquisa revela as taxas de entrada, sa\u00edda e sobreviv\u00eancia das empresas, al\u00e9m da mobilidade e idade m\u00e9dia delas. Mostra ainda dados relacionados \u00e0 ocupa\u00e7\u00e3o assalariada. H\u00e1 recortes por atividades econ\u00f4micas e regi\u00f5es do pa\u00eds. O IBGE re\u00fane esses indicadores anualmente desde 2008. N\u00e3o s\u00e3o considerados no levantamento \u00f3rg\u00e3os p\u00fablicos, entidades sem fins lucrativos, microempreendedor individual (MEI) e organiza\u00e7\u00e3o social (OS).<\/p>\n\n\n\n<p>A an\u00e1lise explorat\u00f3ria das entidades que mais geraram empregos no per\u00edodo considerado pode ser utilizada como material de apoio para estudos futuros sobre o tema, sobretudo os relacionados \u00e0s pol\u00edticas p\u00fablicas que visem a fomentar a gera\u00e7\u00e3o de empregos no Brasil&#8221;, registra o IBGE. O \u00f3rg\u00e3o aponta ainda que os indicadores reunidos na pesquisa s\u00e3o importantes para avaliar o dinamismo empresarial no pa\u00eds.<\/p>\n\n\n\n<p>Em 2019, o Brasil tinha 4,7 milh\u00f5es de empresas com uma idade m\u00e9dia de 11,7 anos. Elas contavam com 33,1 milh\u00f5es de trabalhadores assalariados. Nesse mesmo ano, as entradas de novas empresas totalizaram 947,3 mil. Considerando que as sa\u00eddas foram 656,4 mil, o saldo positivo foi de 290,9 mil.<\/p>\n\n\n\n<p>O IBGE considera&nbsp;que parte desse resultado pode refletir um ajuste na base de dados. Isso porque a pesquisa usa como refer\u00eancia o Cadastro Central de Empresas (Cempre) do pr\u00f3prio instituto, que \u00e9 atualizado todos os anos a partir de outros estudos. Ele tamb\u00e9m leva em conta a Rela\u00e7\u00e3o Anual de Informa\u00e7\u00f5es Sociais (Rais) e o Cadastro Geral de Empregados e Desempregados (Caged), registros administrativos do Minist\u00e9rio do Trabalho e Previd\u00eancia. Mas em 2019, ambos come\u00e7aram a ser substitu\u00eddos pelo Sistema de Escritura\u00e7\u00e3o Digital das Obriga\u00e7\u00f5es Fiscais, Previdenci\u00e1rias e Trabalhistas (eSocial).<\/p>\n\n\n\n<p>&#8220;Observa-se que as 4,7 milh\u00f5es de empresas ativas tinham 5,2 milh\u00f5es de unidades locais tamb\u00e9m ativas, das quais 50,5% estavam localizadas na Regi\u00e3o Sudeste; 22,5%, na Regi\u00e3o Sul; 14,9%, na Regi\u00e3o Nordeste; 8,4%, na Regi\u00e3o Centro-Oeste; e 3,7%, na Regi\u00e3o Norte&#8221;, constatou o IBGE.<\/p>\n\n\n\n<p>As \u00e1reas&nbsp;econ\u00f4micas de maior destaque foram&nbsp;&#8220;atividades profissionais, cient\u00edficas e t\u00e9cnicas&#8221;. O saldo positivo foi de 61.388 empresas. Nesse setor, segundo o IBGE, enquadraram-se muitos profissionais liberais que atuam oferecendo servi\u00e7os e consultorias em gest\u00e3o empresarial, engenharia, direito e contabilidade. &#8220;Sa\u00fade humana e servi\u00e7os sociais&#8221; foi outra atividade econ\u00f4mica que se destacou. O saldo positivo, de 44.294 empresas, se deve principalmente \u00e0 aten\u00e7\u00e3o ambulatorial exercida por m\u00e9dicos e dentistas.<\/p>\n\n\n\n<p>Os n\u00fameros revelam a interrup\u00e7\u00e3o da sequ\u00eancia de quedas que se observou entre 2014 e 2018. Antes desse per\u00edodo, o Brasil registrou pelo menos seis anos de crescimento do n\u00famero de empresas: o saldo anual foi positivo de 2008, quando as an\u00e1lises come\u00e7aram a ser realizadas, at\u00e9 2013.<\/p>\n\n\n\n<p>\u00c9 importante notar que o IBGE n\u00e3o avaliou ainda impactos da pandemia de covid-19, que teve in\u00edcio no Brasil em mar\u00e7o de 2020. A influ\u00eancia da crise sanit\u00e1ria no pa\u00eds poder\u00e1 ser observada na pr\u00f3xima edi\u00e7\u00e3o da pesquisa, que dever\u00e1 ser publicada no ano que vem e trar\u00e1 os dados de 2020.<\/p>\n\n\n\n<h4><br>Sobreviventes<\/h4>\n\n\n\n<p>Das 4,7 milh\u00f5es de empresas no pa\u00eds existentes em 2019, 79,8% eram sobreviventes e 20,2% representavam novas entradas. A pesquisa aponta que a m\u00e9dia salarial mensal das empresas sobreviventes, de R$ 2.549,36, \u00e9 superior \u00e0 m\u00e9dia salarial mensal das empresas iniciantes, de R$ 1.553,62. Revela tamb\u00e9m que 96,9% do pessoal ocupado assalariado estava empregado nas entidades sobreviventes e 3,1% nas iniciantes.<\/p>\n\n\n\n<p>A pesquisa apurou ainda a evolu\u00e7\u00e3o das empresas que foram criadas cinco anos antes, isto \u00e9, em 2014. Os resultados mostram que 77,2% sobreviveram ap\u00f3s um ano de funcionamento, 64,9% ap\u00f3s dois anos, 54,8% ap\u00f3s tr\u00eas anos e 46,3% ap\u00f3s quatro anos. Em 2019, passados cinco anos, as sobreviventes eram 37,6%.<\/p>\n\n\n\n<p>\u00c9 poss\u00edvel notar diferen\u00e7as na taxa de sobreviv\u00eancia conforme o porte da empresa. Aquelas que n\u00e3o possuem pessoas assalariadas, com atividades sendo desenvolvidas apenas por propriet\u00e1rios ou s\u00f3cios, registraram \u00edndice de 32,1% ap\u00f3s cinco anos. Entre as empresas criadas em 2014 com dez ou mais assalariados, 64,5% estavam ativas em 2019. Nas empresas intermedi\u00e1rias, que t\u00eam\u00a0entre um e nove trabalhadores que recebem sal\u00e1rio, esse \u00edndice foi de 49,1%.<\/p>\n\n\n\n<p><br><br>Fonte: <a href=\"https:\/\/agenciabrasil.ebc.com.br\/economia\/noticia\/2021-10\/apos-cinco-anos-em-queda-numero-de-empresas-no-brasil-cresceu-em-2019\" target=\"_blank\" rel=\"noreferrer noopener\">Ag\u00eancia Brasil<\/a><\/p>\n","protected":false},"excerpt":{"rendered":"<p>Pesquisa in\u00e9dita foi divulgada hoje pelo IBGE<\/p>\n","protected":false},"author":3,"featured_media":4131,"comment_status":"closed","ping_status":"closed","sticky":false,"template":"","format":"standard","meta":[],"categories":[2],"tags":[],"_links":{"self":[{"href":"https:\/\/www.confere.org.br\/wordpress\/wp-json\/wp\/v2\/posts\/6060"}],"collection":[{"href":"https:\/\/www.confere.org.br\/wordpress\/wp-json\/wp\/v2\/posts"}],"about":[{"href":"https:\/\/www.confere.org.br\/wordpress\/wp-json\/wp\/v2\/types\/post"}],"author":[{"embeddable":true,"href":"https:\/\/www.confere.org.br\/wordpress\/wp-json\/wp\/v2\/users\/3"}],"replies":[{"embeddable":true,"href":"https:\/\/www.confere.org.br\/wordpress\/wp-json\/wp\/v2\/comments?post=6060"}],"version-history":[{"count":1,"href":"https:\/\/www.confere.org.br\/wordpress\/wp-json\/wp\/v2\/posts\/6060\/revisions"}],"predecessor-version":[{"id":6061,"href":"https:\/\/www.confere.org.br\/wordpress\/wp-json\/wp\/v2\/posts\/6060\/revisions\/6061"}],"wp:featuredmedia":[{"embeddable":true,"href":"https:\/\/www.confere.org.br\/wordpress\/wp-json\/wp\/v2\/media\/4131"}],"wp:attachment":[{"href":"https:\/\/www.confere.org.br\/wordpress\/wp-json\/wp\/v2\/media?parent=6060"}],"wp:term":[{"taxonomy":"category","embeddable":true,"href":"https:\/\/www.confere.org.br\/wordpress\/wp-json\/wp\/v2\/categories?post=6060"},{"taxonomy":"post_tag","embeddable":true,"href":"https:\/\/www.confere.org.br\/wordpress\/wp-json\/wp\/v2\/tags?post=6060"}],"curies":[{"name":"wp","href":"https:\/\/api.w.org\/{rel}","templated":true}]}}