{"id":6074,"date":"2021-10-25T08:57:40","date_gmt":"2021-10-25T11:57:40","guid":{"rendered":"https:\/\/www.confere.org.br\/wordpress\/?p=6074"},"modified":"2021-10-25T08:57:42","modified_gmt":"2021-10-25T11:57:42","slug":"fgv-confianca-do-consumidor-volta-a-subir-apos-dois-meses-em-queda","status":"publish","type":"post","link":"https:\/\/www.confere.org.br\/wordpress\/fgv-confianca-do-consumidor-volta-a-subir-apos-dois-meses-em-queda\/","title":{"rendered":"FGV: confian\u00e7a do consumidor volta a subir ap\u00f3s dois meses em queda"},"content":{"rendered":"\n<p>O \u00cdndice de Confian\u00e7a do Consumidor (ICC), medido pela Funda\u00e7\u00e3o Getulio Vargas (FGV), subiu 1 ponto de setembro para outubro deste ano e interrompeu uma trajet\u00f3ria de dois meses em queda. Com o resultado, o indicador chegou a 76,3 pontos, em uma escala de zero a 200 pontos.<img src=\"https:\/\/agenciabrasil.ebc.com.br\/ebc.png?id=1425440&amp;o=node\"><img src=\"https:\/\/agenciabrasil.ebc.com.br\/ebc.gif?id=1425440&amp;o=node\"><\/p>\n\n\n\n<p>A alta foi influenciada principalmente pelo \u00cdndice de Expectativas, que mede a confian\u00e7a do consumidor brasileiro no futuro. O sub\u00edndice subiu 1,3 ponto, atingindo 82,4 pontos em outubro, puxado pela melhora das perspectivas sobre a situa\u00e7\u00e3o financeira familiar.<\/p>\n\n\n\n<p>O \u00cdndice da Situa\u00e7\u00e3o Atual, que mede a percep\u00e7\u00e3o do consumidor sobre o presente, variou 0,2 ponto e chegou a 69 pontos.<\/p>\n\n\n\n<p>\u201cContudo, consumidores se mant\u00eam cautelosos em rela\u00e7\u00e3o a inten\u00e7\u00e3o de compra de bens dur\u00e1veis. O aumento da incerteza, o aumento dos pre\u00e7os e a demanda represada por servi\u00e7os na pandemia podem estar contribuindo para frear o consumo desses produtos\u201d, disse a pesquisadora da FGV Viviane Seda Bittencourt.<\/p>\n\n\n\n<p><br><br>Fonte: <a href=\"https:\/\/agenciabrasil.ebc.com.br\/economia\/noticia\/2021-10\/fgv-confianca-do-consumidor-volta-subir-apos-dois-meses-em-queda\" target=\"_blank\" rel=\"noreferrer noopener\">Ag\u00eancia Brasil<\/a><\/p>\n","protected":false},"excerpt":{"rendered":"<p>Alta foi puxada pela melhora de perspectivas das fam\u00edlias<\/p>\n","protected":false},"author":3,"featured_media":5389,"comment_status":"closed","ping_status":"closed","sticky":false,"template":"","format":"standard","meta":[],"categories":[2],"tags":[],"_links":{"self":[{"href":"https:\/\/www.confere.org.br\/wordpress\/wp-json\/wp\/v2\/posts\/6074"}],"collection":[{"href":"https:\/\/www.confere.org.br\/wordpress\/wp-json\/wp\/v2\/posts"}],"about":[{"href":"https:\/\/www.confere.org.br\/wordpress\/wp-json\/wp\/v2\/types\/post"}],"author":[{"embeddable":true,"href":"https:\/\/www.confere.org.br\/wordpress\/wp-json\/wp\/v2\/users\/3"}],"replies":[{"embeddable":true,"href":"https:\/\/www.confere.org.br\/wordpress\/wp-json\/wp\/v2\/comments?post=6074"}],"version-history":[{"count":1,"href":"https:\/\/www.confere.org.br\/wordpress\/wp-json\/wp\/v2\/posts\/6074\/revisions"}],"predecessor-version":[{"id":6075,"href":"https:\/\/www.confere.org.br\/wordpress\/wp-json\/wp\/v2\/posts\/6074\/revisions\/6075"}],"wp:featuredmedia":[{"embeddable":true,"href":"https:\/\/www.confere.org.br\/wordpress\/wp-json\/wp\/v2\/media\/5389"}],"wp:attachment":[{"href":"https:\/\/www.confere.org.br\/wordpress\/wp-json\/wp\/v2\/media?parent=6074"}],"wp:term":[{"taxonomy":"category","embeddable":true,"href":"https:\/\/www.confere.org.br\/wordpress\/wp-json\/wp\/v2\/categories?post=6074"},{"taxonomy":"post_tag","embeddable":true,"href":"https:\/\/www.confere.org.br\/wordpress\/wp-json\/wp\/v2\/tags?post=6074"}],"curies":[{"name":"wp","href":"https:\/\/api.w.org\/{rel}","templated":true}]}}