{"id":6103,"date":"2021-10-28T10:00:29","date_gmt":"2021-10-28T12:00:29","guid":{"rendered":"https:\/\/www.confere.org.br\/wordpress\/?p=6103"},"modified":"2021-12-14T10:43:03","modified_gmt":"2021-12-14T12:43:03","slug":"processo-de-licitacao-no-016-2021-contratacao-de-empresa-especializada-para-implementacao-do-site","status":"publish","type":"post","link":"https:\/\/www.confere.org.br\/wordpress\/processo-de-licitacao-no-016-2021-contratacao-de-empresa-especializada-para-implementacao-do-site\/","title":{"rendered":"Processo de Licita\u00e7\u00e3o n\u00ba 016\/2021 &#8211; Contrata\u00e7\u00e3o de Empresa Especializada para Implementa\u00e7\u00e3o do Site"},"content":{"rendered":"\n<p>27\/10\/2021 &#8211; <a href=\"https:\/\/www.confere.org.br\/wordpress\/wp-content\/uploads\/2021\/10\/EDITAL_016_2021.pdf\" target=\"_blank\" rel=\"noreferrer noopener\">Edital<\/a><\/p>\n\n\n\n<p>27\/10\/2021 &#8211; <a rel=\"noreferrer noopener\" href=\"https:\/\/www.confere.org.br\/wordpress\/wp-content\/uploads\/2021\/10\/Aviso-de-Licitacao-DOU_16_2021.pdf\" target=\"_blank\">Publica\u00e7\u00e3o no DOU<\/a><\/p>\n\n\n\n<p>25\/11\/2021 &#8211; <a href=\"https:\/\/www.confere.org.br\/wordpress\/wp-content\/uploads\/2021\/11\/COMPRASNET-RESULTADO-POR-FORNECEDOR.pdf\" target=\"_blank\" rel=\"noreferrer noopener\">Comprasnet &#8211; Resultado por fornecedor<\/a><\/p>\n\n\n\n<p>25\/11\/2021 &#8211; <a rel=\"noreferrer noopener\" href=\"https:\/\/www.confere.org.br\/wordpress\/wp-content\/uploads\/2021\/11\/COMPRASNET-TERMO-DE-ADJUDICACAO.pdf\" target=\"_blank\">Comprasnet &#8211; Termo de Adjudica\u00e7\u00e3o<\/a><\/p>\n\n\n\n<p>14\/12\/2021 &#8211; <a href=\"https:\/\/www.confere.org.br\/wordpress\/wp-content\/uploads\/2021\/12\/Termo-de-homologacao-Pregao-Eletronico-n-008.pdf\" target=\"_blank\" rel=\"noreferrer noopener\">Termo de Homologa\u00e7\u00e3o &#8211; Preg\u00e3o Eletr\u00f4nico n\u00ba 008\/2021<\/a><\/p>\n","protected":false},"excerpt":{"rendered":"<p>27\/10\/2021 &#8211; Edital 27\/10\/2021 &#8211; Publica\u00e7\u00e3o no DOU 25\/11\/2021 &#8211; Comprasnet &#8211; Resultado por fornecedor 25\/11\/2021 &#8211; Comprasnet &#8211; Termo de Adjudica\u00e7\u00e3o 14\/12\/2021 &#8211; Termo de Homologa\u00e7\u00e3o &#8211; Preg\u00e3o Eletr\u00f4nico n\u00ba 008\/2021<\/p>\n","protected":false},"author":3,"featured_media":0,"comment_status":"closed","ping_status":"closed","sticky":false,"template":"","format":"standard","meta":[],"categories":[32],"tags":[],"_links":{"self":[{"href":"https:\/\/www.confere.org.br\/wordpress\/wp-json\/wp\/v2\/posts\/6103"}],"collection":[{"href":"https:\/\/www.confere.org.br\/wordpress\/wp-json\/wp\/v2\/posts"}],"about":[{"href":"https:\/\/www.confere.org.br\/wordpress\/wp-json\/wp\/v2\/types\/post"}],"author":[{"embeddable":true,"href":"https:\/\/www.confere.org.br\/wordpress\/wp-json\/wp\/v2\/users\/3"}],"replies":[{"embeddable":true,"href":"https:\/\/www.confere.org.br\/wordpress\/wp-json\/wp\/v2\/comments?post=6103"}],"version-history":[{"count":3,"href":"https:\/\/www.confere.org.br\/wordpress\/wp-json\/wp\/v2\/posts\/6103\/revisions"}],"predecessor-version":[{"id":6305,"href":"https:\/\/www.confere.org.br\/wordpress\/wp-json\/wp\/v2\/posts\/6103\/revisions\/6305"}],"wp:attachment":[{"href":"https:\/\/www.confere.org.br\/wordpress\/wp-json\/wp\/v2\/media?parent=6103"}],"wp:term":[{"taxonomy":"category","embeddable":true,"href":"https:\/\/www.confere.org.br\/wordpress\/wp-json\/wp\/v2\/categories?post=6103"},{"taxonomy":"post_tag","embeddable":true,"href":"https:\/\/www.confere.org.br\/wordpress\/wp-json\/wp\/v2\/tags?post=6103"}],"curies":[{"name":"wp","href":"https:\/\/api.w.org\/{rel}","templated":true}]}}