{"id":6109,"date":"2021-10-28T11:00:10","date_gmt":"2021-10-28T13:00:10","guid":{"rendered":"https:\/\/www.confere.org.br\/wordpress\/?p=6109"},"modified":"2021-10-28T11:28:31","modified_gmt":"2021-10-28T13:28:31","slug":"confianca-dos-servicos-volta-a-crescer-em-outubro-no-comercio-indicador-tem-estabilidade","status":"publish","type":"post","link":"https:\/\/www.confere.org.br\/wordpress\/confianca-dos-servicos-volta-a-crescer-em-outubro-no-comercio-indicador-tem-estabilidade\/","title":{"rendered":"Confian\u00e7a dos servi\u00e7os volta a crescer em outubro; no com\u00e9rcio, indicador tem estabilidade"},"content":{"rendered":"\r\n<p>A confian\u00e7a do setor de servi\u00e7os voltou a crescer em outubro, revertendo grande parte da perda sofrida no m\u00eas anterior, segundo dados divulgados nesta quinta-feira (28) pela <a href=\"https:\/\/g1.globo.com\/tudo-sobre\/fgv\/\">Funda\u00e7\u00e3o Getulio Vargas (FGV)<\/a>. J\u00e1 no com\u00e9rcio, o indicador mostrou acomoda\u00e7\u00e3o na passagem do nono para o d\u00e9cimo m\u00eas do ano.<\/p>\r\n\r\n\r\n\r\n<p>Nos servi\u00e7os, o crescimento \u2013 de 1,8 ponto, para 99,1 \u2013 foi influenciado pela melhora da percep\u00e7\u00e3o sobre a situa\u00e7\u00e3o atual e uma reavalia\u00e7\u00e3o positiva das perspectivas sobre os pr\u00f3ximos meses.<\/p>\r\n\r\n\r\n\r\n<blockquote class=\"wp-block-quote\">\r\n<p>&#8220;Esse resultado parece confirmar que o setor de servi\u00e7os continua se beneficiando com as flexibiliza\u00e7\u00f5es e sendo puxado pelos segmentos que mais sofreram ao longo da pandemia&#8221;, afirma em nota Rodolpho Tobler, economista do FGV IBRE.<\/p>\r\n<\/blockquote>\r\n\r\n\r\n\r\n<figure class=\"wp-block-image size-large\"><img width=\"1024\" height=\"667\" class=\"wp-image-6116\" src=\"https:\/\/www.confere.org.br\/wordpress\/wp-content\/uploads\/2021\/10\/indice-de-confianca-dos-servicos-1-1024x667.jpg\" alt=\"\" srcset=\"https:\/\/www.confere.org.br\/wordpress\/wp-content\/uploads\/2021\/10\/indice-de-confianca-dos-servicos-1-1024x667.jpg 1024w, https:\/\/www.confere.org.br\/wordpress\/wp-content\/uploads\/2021\/10\/indice-de-confianca-dos-servicos-1-300x195.jpg 300w, https:\/\/www.confere.org.br\/wordpress\/wp-content\/uploads\/2021\/10\/indice-de-confianca-dos-servicos-1-768x500.jpg 768w, https:\/\/www.confere.org.br\/wordpress\/wp-content\/uploads\/2021\/10\/indice-de-confianca-dos-servicos-1.jpg 1110w\" sizes=\"(max-width: 1024px) 100vw, 1024px\" \/><\/figure>\r\n\r\n\r\n\r\n<p>De acordo com Tobler, a expectativa para os pr\u00f3ximos meses \u00e9 de continuidade do cen\u00e1rio positivo, &#8220;caso se confirme uma sustenta\u00e7\u00e3o da confian\u00e7a dos consumidores nos pr\u00f3ximos meses&#8221;.<\/p>\r\n\r\n\r\n\r\n<p><strong>J\u00e1 no com\u00e9rcio, a confian\u00e7a cresceu apenas 0,1 ponto, para 94,2, mostrando acomoda\u00e7\u00e3o ap\u00f3s dois meses seguidos de queda<\/strong>. O resultado foi influenciado mais uma vez pela piora na percep\u00e7\u00e3o do ritmo de vendas que ocorre h\u00e1 tr\u00eas meses consecutivos. Por outro lado, as expectativas pararam de cair, recuperando parte do que foi perdido no \u00faltimo m\u00eas.<\/p>\r\n\r\n\r\n\r\n<blockquote class=\"wp-block-quote\">\r\n<p>&#8220;O cen\u00e1rio para o setor ainda se mostra desafiador com a confian\u00e7a do consumidor em patamar muito baixo, incerteza elevada, avan\u00e7o da infla\u00e7\u00e3o e recupera\u00e7\u00e3o lenta do mercado de trabalho \u201c, avalia Tobler.<\/p>\r\n<\/blockquote>\r\n\r\n\r\n\r\n<figure class=\"wp-block-image size-large\"><img width=\"1024\" height=\"678\" class=\"wp-image-6117\" src=\"https:\/\/www.confere.org.br\/wordpress\/wp-content\/uploads\/2021\/10\/indice-de-confianca-do-comercio-1-1024x678.jpg\" alt=\"\" srcset=\"https:\/\/www.confere.org.br\/wordpress\/wp-content\/uploads\/2021\/10\/indice-de-confianca-do-comercio-1-1024x678.jpg 1024w, https:\/\/www.confere.org.br\/wordpress\/wp-content\/uploads\/2021\/10\/indice-de-confianca-do-comercio-1-300x199.jpg 300w, https:\/\/www.confere.org.br\/wordpress\/wp-content\/uploads\/2021\/10\/indice-de-confianca-do-comercio-1-768x508.jpg 768w, https:\/\/www.confere.org.br\/wordpress\/wp-content\/uploads\/2021\/10\/indice-de-confianca-do-comercio-1.jpg 1112w\" sizes=\"(max-width: 1024px) 100vw, 1024px\" \/><\/figure>\r\n\r\n\r\n\r\n<p><br \/><br \/>Fonte: <a href=\"https:\/\/g1.globo.com\/economia\/noticia\/2021\/10\/28\/confianca-dos-servicos-volta-a-crescer-em-outubro-no-comercio-indicador-tem-estabilidade.ghtml\" target=\"_blank\" rel=\"noreferrer noopener\">www.g1.globo.com<\/a><\/p>\r\n","protected":false},"excerpt":{"rendered":"<p>Setor de servi\u00e7os continua se beneficiando com as flexibiliza\u00e7\u00f5es e sendo puxado pelos segmentos que mais sofreram ao longo da pandemia, avalia economista da FGV.<\/p>\n","protected":false},"author":3,"featured_media":6125,"comment_status":"closed","ping_status":"closed","sticky":false,"template":"","format":"standard","meta":[],"categories":[2],"tags":[],"_links":{"self":[{"href":"https:\/\/www.confere.org.br\/wordpress\/wp-json\/wp\/v2\/posts\/6109"}],"collection":[{"href":"https:\/\/www.confere.org.br\/wordpress\/wp-json\/wp\/v2\/posts"}],"about":[{"href":"https:\/\/www.confere.org.br\/wordpress\/wp-json\/wp\/v2\/types\/post"}],"author":[{"embeddable":true,"href":"https:\/\/www.confere.org.br\/wordpress\/wp-json\/wp\/v2\/users\/3"}],"replies":[{"embeddable":true,"href":"https:\/\/www.confere.org.br\/wordpress\/wp-json\/wp\/v2\/comments?post=6109"}],"version-history":[{"count":3,"href":"https:\/\/www.confere.org.br\/wordpress\/wp-json\/wp\/v2\/posts\/6109\/revisions"}],"predecessor-version":[{"id":6124,"href":"https:\/\/www.confere.org.br\/wordpress\/wp-json\/wp\/v2\/posts\/6109\/revisions\/6124"}],"wp:featuredmedia":[{"embeddable":true,"href":"https:\/\/www.confere.org.br\/wordpress\/wp-json\/wp\/v2\/media\/6125"}],"wp:attachment":[{"href":"https:\/\/www.confere.org.br\/wordpress\/wp-json\/wp\/v2\/media?parent=6109"}],"wp:term":[{"taxonomy":"category","embeddable":true,"href":"https:\/\/www.confere.org.br\/wordpress\/wp-json\/wp\/v2\/categories?post=6109"},{"taxonomy":"post_tag","embeddable":true,"href":"https:\/\/www.confere.org.br\/wordpress\/wp-json\/wp\/v2\/tags?post=6109"}],"curies":[{"name":"wp","href":"https:\/\/api.w.org\/{rel}","templated":true}]}}