{"id":6179,"date":"2021-11-19T10:40:22","date_gmt":"2021-11-19T12:40:22","guid":{"rendered":"https:\/\/www.confere.org.br\/wordpress\/?p=6179"},"modified":"2021-11-19T10:40:23","modified_gmt":"2021-11-19T12:40:23","slug":"procon-orienta-sobre-compras-na-black-friday","status":"publish","type":"post","link":"https:\/\/www.confere.org.br\/wordpress\/procon-orienta-sobre-compras-na-black-friday\/","title":{"rendered":"Procon orienta sobre compras na Black Friday"},"content":{"rendered":"\n<p>Obter informa\u00e7\u00f5es sobre a loja ou empresa na qual o consumidor pretende comprar na Black Friday \u00e9 o primeiro passo para evitar cair em golpes. \u00c9 importante ficar atento tamb\u00e9m, em caso de compras online, se o site informa endere\u00e7o f\u00edsico, telefone, e-mail, CNPJ e nome da empresa. As orienta\u00e7\u00f5es s\u00e3o da Funda\u00e7\u00e3o Procon SP.<img src=\"https:\/\/agenciabrasil.ebc.com.br\/ebc.png?id=1428209&amp;o=node\"><img src=\"https:\/\/agenciabrasil.ebc.com.br\/ebc.gif?id=1428209&amp;o=node\"><\/p>\n\n\n\n<p>A entidade recomenda ainda que, antes de realizar a compra, o consumidor consulte previamente a lista de sites n\u00e3o recomendados pelo Procon-SP, que pode ser acessada aqui (https:\/\/sistemas.procon.sp.gov.br\/evitesite\/list\/evitesites.php).<\/p>\n\n\n\n<p>\u201cAo realizar a compra, \u00e9 indicado salvar os documentos referentes ao pedido, que podem ser necess\u00e1rios em caso de problemas. Outra medida importante \u00e9 evitar as compras por impulso; consultar o or\u00e7amento e avaliar se a compra n\u00e3o ir\u00e1 compromet\u00ea-lo\u201d, destacou a entidade em comunicado.<\/p>\n\n\n\n<p>De acordo com o Instituto de Peso e Medidas (Ipem) do estado de S\u00e3o Paulo, os brinquedos devem possuir o Selo do Inmetro e a indica\u00e7\u00e3o de faixa et\u00e1ria adequada. \u201cN\u00e3o compre artigos infantis em com\u00e9rcio informal, pois n\u00e3o h\u00e1 garantia de proced\u00eancia. Produtos falsificados ou fabricados em ind\u00fastrias clandestinas podem n\u00e3o atender \u00e0s condi\u00e7\u00f5es m\u00ednimas de seguran\u00e7a\u201d, destaca a entidade.<\/p>\n\n\n\n<p>A Pol\u00edcia Civil de S\u00e3o Paulo orienta ainda que, na hora de pagar a compra, o consumidor deve conferir o benefici\u00e1rio do pagamento e verificar se \u00e9 da loja escolhida. &#8220;Jamais forne\u00e7a senhas pessoais e prefira utilizar cart\u00f5es virtuais \u2013 \u00e0queles que s\u00e3o utilizados em apenas uma compra. Para isso, basta acessar o aplicativo do seu respectivo banco e seguir as orienta\u00e7\u00f5es&#8221;.<\/p>\n\n\n\n<p>Fonte: <a href=\"https:\/\/agenciabrasil.ebc.com.br\/economia\/noticia\/2021-11\/procon-orienta-sobre-compras-na-black-friday\" target=\"_blank\" rel=\"noreferrer noopener\">Ag\u00eancia Brasil<\/a><\/p>\n","protected":false},"excerpt":{"rendered":"<p>Informa\u00e7\u00f5es sobre loja ou empresa \u00e9 fundamental<\/p>\n","protected":false},"author":3,"featured_media":3516,"comment_status":"closed","ping_status":"closed","sticky":false,"template":"","format":"standard","meta":[],"categories":[2],"tags":[],"_links":{"self":[{"href":"https:\/\/www.confere.org.br\/wordpress\/wp-json\/wp\/v2\/posts\/6179"}],"collection":[{"href":"https:\/\/www.confere.org.br\/wordpress\/wp-json\/wp\/v2\/posts"}],"about":[{"href":"https:\/\/www.confere.org.br\/wordpress\/wp-json\/wp\/v2\/types\/post"}],"author":[{"embeddable":true,"href":"https:\/\/www.confere.org.br\/wordpress\/wp-json\/wp\/v2\/users\/3"}],"replies":[{"embeddable":true,"href":"https:\/\/www.confere.org.br\/wordpress\/wp-json\/wp\/v2\/comments?post=6179"}],"version-history":[{"count":1,"href":"https:\/\/www.confere.org.br\/wordpress\/wp-json\/wp\/v2\/posts\/6179\/revisions"}],"predecessor-version":[{"id":6180,"href":"https:\/\/www.confere.org.br\/wordpress\/wp-json\/wp\/v2\/posts\/6179\/revisions\/6180"}],"wp:featuredmedia":[{"embeddable":true,"href":"https:\/\/www.confere.org.br\/wordpress\/wp-json\/wp\/v2\/media\/3516"}],"wp:attachment":[{"href":"https:\/\/www.confere.org.br\/wordpress\/wp-json\/wp\/v2\/media?parent=6179"}],"wp:term":[{"taxonomy":"category","embeddable":true,"href":"https:\/\/www.confere.org.br\/wordpress\/wp-json\/wp\/v2\/categories?post=6179"},{"taxonomy":"post_tag","embeddable":true,"href":"https:\/\/www.confere.org.br\/wordpress\/wp-json\/wp\/v2\/tags?post=6179"}],"curies":[{"name":"wp","href":"https:\/\/api.w.org\/{rel}","templated":true}]}}