{"id":6190,"date":"2021-11-25T11:34:49","date_gmt":"2021-11-25T13:34:49","guid":{"rendered":"https:\/\/www.confere.org.br\/wordpress\/?p=6190"},"modified":"2022-03-22T14:59:14","modified_gmt":"2022-03-22T17:59:14","slug":"processo-de-licitacao-no-017-2021-contratacao-de-servico-de-filmagem","status":"publish","type":"post","link":"https:\/\/www.confere.org.br\/wordpress\/processo-de-licitacao-no-017-2021-contratacao-de-servico-de-filmagem\/","title":{"rendered":"Processo de Licita\u00e7\u00e3o n\u00ba 017\/2021 &#8211; Contrata\u00e7\u00e3o de Servi\u00e7o de Filmagem"},"content":{"rendered":"\n<p>25\/11\/2021 &#8211; <a rel=\"noreferrer noopener\" href=\"https:\/\/www.confere.org.br\/wordpress\/wp-content\/uploads\/2021\/11\/EDITAL-filmagem-timbrado.pdf\" target=\"_blank\">Edital &#8211; Preg\u00e3o Eletr\u00f4nico SRP n\u00ba 011\/2021<\/a>  <\/p>\n\n\n\n<p>25\/11\/2021 &#8211; <a rel=\"noreferrer noopener\" href=\"https:\/\/www.confere.org.br\/wordpress\/wp-content\/uploads\/2021\/11\/AVISO-DE-LICITACAO-AVISO-DE-LICITACAO-DOU-Imprensa-Nacional.pdf\" target=\"_blank\">Publica\u00e7\u00e3o no DOU<\/a><\/p>\n\n\n\n<p>09\/12\/2021 &#8211; <a rel=\"noreferrer noopener\" href=\"https:\/\/www.confere.org.br\/wordpress\/wp-content\/uploads\/2021\/12\/RESULTADO-POR-FORNECEDOR_017_2021.pdf\" target=\"_blank\">Resultado por Fornecedor &#8211; Comprasnet<\/a><\/p>\n\n\n\n<p>09\/12\/2021 &#8211; <a rel=\"noreferrer noopener\" href=\"https:\/\/www.confere.org.br\/wordpress\/wp-content\/uploads\/2021\/12\/TERMO-DE-ADJUDICACAO_017_2021.pdf\" target=\"_blank\">Termo de Adjudica\u00e7\u00e3o &#8211; Comprasnet<\/a><\/p>\n\n\n\n<p>14\/12\/2021 &#8211; <a rel=\"noreferrer noopener\" href=\"http:\/\/TERMO DE HOMOLOGA\u00c7\u00c3O - PREG\u00c3O ELETR\u00d4NICO N\u00ba 011\/2021\" target=\"_blank\">Termo de Homologa\u00e7\u00e3o &#8211; Preg\u00e3o Eletr\u00f4nico n\u00ba 011\/2021<\/a><\/p>\n\n\n\n<p>16\/02\/2022 &#8211; <a href=\"https:\/\/www.confere.org.br\/wordpress\/wp-content\/uploads\/2022\/03\/Ata-de-Registro-de-Precos-Hl.pdf\" target=\"_blank\" rel=\"noreferrer noopener\">Ata de Registro de Pre\u00e7o<\/a><\/p>\n\n\n\n<p>16\/02\/2022 &#8211; <a rel=\"noreferrer noopener\" href=\"https:\/\/www.confere.org.br\/wordpress\/wp-content\/uploads\/2022\/03\/Contrato-HL-filmagem.pdf\" target=\"_blank\">Contrato &#8211; Empresa H&amp;L Promo\u00e7\u00f5es Eventos e Comunica\u00e7\u00f5es Eireli<\/a> <\/p>\n","protected":false},"excerpt":{"rendered":"<p>25\/11\/2021 &#8211; Edital &#8211; Preg\u00e3o Eletr\u00f4nico SRP n\u00ba 011\/2021 25\/11\/2021 &#8211; Publica\u00e7\u00e3o no DOU 09\/12\/2021 &#8211; Resultado por Fornecedor &#8211; Comprasnet 09\/12\/2021 &#8211; Termo de Adjudica\u00e7\u00e3o &#8211; Comprasnet 14\/12\/2021 &#8211; Termo de Homologa\u00e7\u00e3o &#8211; Preg\u00e3o Eletr\u00f4nico n\u00ba 011\/2021 16\/02\/2022 &#8211; Ata de Registro de Pre\u00e7o 16\/02\/2022 &#8211; Contrato &#8211; Empresa H&amp;L Promo\u00e7\u00f5es Eventos e Comunica\u00e7\u00f5es &hellip; <\/p>\n<p class=\"link-more\"><a href=\"https:\/\/www.confere.org.br\/wordpress\/processo-de-licitacao-no-017-2021-contratacao-de-servico-de-filmagem\/\" class=\"more-link\">Continue lendo<span class=\"screen-reader-text\"> &#8220;Processo de Licita\u00e7\u00e3o n\u00ba 017\/2021 &#8211; Contrata\u00e7\u00e3o de Servi\u00e7o de Filmagem&#8221;<\/span><\/a><\/p>\n","protected":false},"author":3,"featured_media":0,"comment_status":"closed","ping_status":"closed","sticky":false,"template":"","format":"standard","meta":[],"categories":[32],"tags":[],"_links":{"self":[{"href":"https:\/\/www.confere.org.br\/wordpress\/wp-json\/wp\/v2\/posts\/6190"}],"collection":[{"href":"https:\/\/www.confere.org.br\/wordpress\/wp-json\/wp\/v2\/posts"}],"about":[{"href":"https:\/\/www.confere.org.br\/wordpress\/wp-json\/wp\/v2\/types\/post"}],"author":[{"embeddable":true,"href":"https:\/\/www.confere.org.br\/wordpress\/wp-json\/wp\/v2\/users\/3"}],"replies":[{"embeddable":true,"href":"https:\/\/www.confere.org.br\/wordpress\/wp-json\/wp\/v2\/comments?post=6190"}],"version-history":[{"count":5,"href":"https:\/\/www.confere.org.br\/wordpress\/wp-json\/wp\/v2\/posts\/6190\/revisions"}],"predecessor-version":[{"id":6781,"href":"https:\/\/www.confere.org.br\/wordpress\/wp-json\/wp\/v2\/posts\/6190\/revisions\/6781"}],"wp:attachment":[{"href":"https:\/\/www.confere.org.br\/wordpress\/wp-json\/wp\/v2\/media?parent=6190"}],"wp:term":[{"taxonomy":"category","embeddable":true,"href":"https:\/\/www.confere.org.br\/wordpress\/wp-json\/wp\/v2\/categories?post=6190"},{"taxonomy":"post_tag","embeddable":true,"href":"https:\/\/www.confere.org.br\/wordpress\/wp-json\/wp\/v2\/tags?post=6190"}],"curies":[{"name":"wp","href":"https:\/\/api.w.org\/{rel}","templated":true}]}}