{"id":6195,"date":"2021-11-25T11:41:21","date_gmt":"2021-11-25T13:41:21","guid":{"rendered":"https:\/\/www.confere.org.br\/wordpress\/?p=6195"},"modified":"2022-11-18T10:37:21","modified_gmt":"2022-11-18T13:37:21","slug":"2021-resolucao-no-1-196-2021","status":"publish","type":"post","link":"https:\/\/www.confere.org.br\/wordpress\/2021-resolucao-no-1-196-2021\/","title":{"rendered":"2021 &#8211; Resolu\u00e7\u00e3o n\u00ba 1.196\/2021"},"content":{"rendered":"\n<p>Incluem-se os par\u00e1grafos 5\u00ba e 6\u00ba no artigo 2\u00ba da Resolu\u00e7\u00e3o n\u00ba 1.194\/2021 \u2013 Confere, acerca da cobran\u00e7a de anuidades de filiais e representa\u00e7\u00f5es de empresas sujeitas ao registro nos Cores.<\/p>\n\n\n\n<p><a href=\"https:\/\/www.confere.org.br\/wordpress\/wp-content\/uploads\/2021\/11\/RESOLUCAO-N-1196-2021.pdf\" target=\"_blank\" rel=\"noreferrer noopener\">https:\/\/www.confere.org.br\/wordpress\/wp-content\/uploads\/2021\/11\/RESOLUCAO-N-1196-2021.pdf<\/a><\/p>\n","protected":false},"excerpt":{"rendered":"<p>1.196, Resolu\u00e7\u00e3o, https:\/\/www.confere.org.br\/wordpress\/wp-content\/uploads\/2021\/11\/RESOLUCAO-N-1196-2021.pdf<\/p>\n","protected":false},"author":3,"featured_media":0,"comment_status":"closed","ping_status":"closed","sticky":false,"template":"","format":"standard","meta":[],"categories":[52],"tags":[],"_links":{"self":[{"href":"https:\/\/www.confere.org.br\/wordpress\/wp-json\/wp\/v2\/posts\/6195"}],"collection":[{"href":"https:\/\/www.confere.org.br\/wordpress\/wp-json\/wp\/v2\/posts"}],"about":[{"href":"https:\/\/www.confere.org.br\/wordpress\/wp-json\/wp\/v2\/types\/post"}],"author":[{"embeddable":true,"href":"https:\/\/www.confere.org.br\/wordpress\/wp-json\/wp\/v2\/users\/3"}],"replies":[{"embeddable":true,"href":"https:\/\/www.confere.org.br\/wordpress\/wp-json\/wp\/v2\/comments?post=6195"}],"version-history":[{"count":1,"href":"https:\/\/www.confere.org.br\/wordpress\/wp-json\/wp\/v2\/posts\/6195\/revisions"}],"predecessor-version":[{"id":6197,"href":"https:\/\/www.confere.org.br\/wordpress\/wp-json\/wp\/v2\/posts\/6195\/revisions\/6197"}],"wp:attachment":[{"href":"https:\/\/www.confere.org.br\/wordpress\/wp-json\/wp\/v2\/media?parent=6195"}],"wp:term":[{"taxonomy":"category","embeddable":true,"href":"https:\/\/www.confere.org.br\/wordpress\/wp-json\/wp\/v2\/categories?post=6195"},{"taxonomy":"post_tag","embeddable":true,"href":"https:\/\/www.confere.org.br\/wordpress\/wp-json\/wp\/v2\/tags?post=6195"}],"curies":[{"name":"wp","href":"https:\/\/api.w.org\/{rel}","templated":true}]}}