{"id":6227,"date":"2021-11-29T10:44:57","date_gmt":"2021-11-29T12:44:57","guid":{"rendered":"https:\/\/www.confere.org.br\/wordpress\/?p=6227"},"modified":"2022-11-18T10:37:10","modified_gmt":"2022-11-18T13:37:10","slug":"2021-resolucao-no-1-194-2021-2","status":"publish","type":"post","link":"https:\/\/www.confere.org.br\/wordpress\/2021-resolucao-no-1-194-2021-2\/","title":{"rendered":"2021 &#8211; Resolu\u00e7\u00e3o n\u00ba 1.194\/2021"},"content":{"rendered":"\n<p>Corrige os valores m\u00e1ximos autorizados pela Lei n\u00ba 4.886, de 09.12.1965, com as altera\u00e7\u00f5es da Lei n\u00ba 12.246, de 27.05.2010, e fixa as anuidades para o exerc\u00edcio de 2022, que ser\u00e3o cobradas pelos Conselhos Regionais dos Representantes Comerciais das pessoas f\u00edsicas e jur\u00eddicas neles registradas e d\u00e1 outras provid\u00eancias.<\/p>\n\n\n\n<p><a href=\"https:\/\/www.confere.org.br\/wordpress\/wp-content\/uploads\/2021\/11\/RESOLUCAO-N-1194-2021.pdf\" target=\"_blank\" rel=\"noreferrer noopener\">https:\/\/www.confere.org.br\/wordpress\/wp-content\/uploads\/2021\/11\/RESOLUCAO-N-1194-2021.pdf<\/a><\/p>\n","protected":false},"excerpt":{"rendered":"<p>1.194, Resolu\u00e7\u00e3o, https:\/\/www.confere.org.br\/wordpress\/wp-content\/uploads\/2021\/11\/RESOLUCAO-N-1194-2021.pdf<\/p>\n","protected":false},"author":3,"featured_media":0,"comment_status":"closed","ping_status":"closed","sticky":false,"template":"","format":"standard","meta":[],"categories":[52],"tags":[],"_links":{"self":[{"href":"https:\/\/www.confere.org.br\/wordpress\/wp-json\/wp\/v2\/posts\/6227"}],"collection":[{"href":"https:\/\/www.confere.org.br\/wordpress\/wp-json\/wp\/v2\/posts"}],"about":[{"href":"https:\/\/www.confere.org.br\/wordpress\/wp-json\/wp\/v2\/types\/post"}],"author":[{"embeddable":true,"href":"https:\/\/www.confere.org.br\/wordpress\/wp-json\/wp\/v2\/users\/3"}],"replies":[{"embeddable":true,"href":"https:\/\/www.confere.org.br\/wordpress\/wp-json\/wp\/v2\/comments?post=6227"}],"version-history":[{"count":1,"href":"https:\/\/www.confere.org.br\/wordpress\/wp-json\/wp\/v2\/posts\/6227\/revisions"}],"predecessor-version":[{"id":6228,"href":"https:\/\/www.confere.org.br\/wordpress\/wp-json\/wp\/v2\/posts\/6227\/revisions\/6228"}],"wp:attachment":[{"href":"https:\/\/www.confere.org.br\/wordpress\/wp-json\/wp\/v2\/media?parent=6227"}],"wp:term":[{"taxonomy":"category","embeddable":true,"href":"https:\/\/www.confere.org.br\/wordpress\/wp-json\/wp\/v2\/categories?post=6227"},{"taxonomy":"post_tag","embeddable":true,"href":"https:\/\/www.confere.org.br\/wordpress\/wp-json\/wp\/v2\/tags?post=6227"}],"curies":[{"name":"wp","href":"https:\/\/api.w.org\/{rel}","templated":true}]}}