{"id":6233,"date":"2021-11-30T10:48:16","date_gmt":"2021-11-30T12:48:16","guid":{"rendered":"https:\/\/www.confere.org.br\/wordpress\/?p=6233"},"modified":"2022-10-13T09:29:35","modified_gmt":"2022-10-13T12:29:35","slug":"processo-de-dispensa-no-036-2020-link-dedicado-de-internet","status":"publish","type":"post","link":"https:\/\/www.confere.org.br\/wordpress\/processo-de-dispensa-no-036-2020-link-dedicado-de-internet\/","title":{"rendered":"Processo de Dispensa n\u00ba 036\/2020 &#8211; Link Dedicado de Internet"},"content":{"rendered":"\n<p>Contratada: ORBITEL TELECOMUNICA\u00c7\u00d5ES E INFORM\u00c1TICA EIRELI<\/p>\n\n\n\n<p>Objeto: Altera\u00e7\u00e3o da cl\u00e1usula segunda \u2013 da vig\u00eancia para prorrogar o contrato de distribui\u00e7\u00e3o de Link Dedicado de Internet para o escrit\u00f3rio de Bras\u00edlia por mais 4 meses.<\/p>\n\n\n\n<p><a href=\"https:\/\/www.confere.org.br\/wordpress\/wp-content\/uploads\/2021\/11\/DOU-ORBITEL___.pdf\" target=\"_blank\" rel=\"noreferrer noopener\">Extrato de Termo Aditivo<\/a><\/p>\n","protected":false},"excerpt":{"rendered":"<p>Contratada: ORBITEL TELECOMUNICA\u00c7\u00d5ES E INFORM\u00c1TICA EIRELI Objeto: Altera\u00e7\u00e3o da cl\u00e1usula segunda \u2013 da vig\u00eancia para prorrogar o contrato de distribui\u00e7\u00e3o de Link Dedicado de Internet para o escrit\u00f3rio de Bras\u00edlia por mais 4 meses. Extrato de Termo Aditivo<\/p>\n","protected":false},"author":3,"featured_media":0,"comment_status":"closed","ping_status":"closed","sticky":false,"template":"","format":"standard","meta":[],"categories":[55],"tags":[],"_links":{"self":[{"href":"https:\/\/www.confere.org.br\/wordpress\/wp-json\/wp\/v2\/posts\/6233"}],"collection":[{"href":"https:\/\/www.confere.org.br\/wordpress\/wp-json\/wp\/v2\/posts"}],"about":[{"href":"https:\/\/www.confere.org.br\/wordpress\/wp-json\/wp\/v2\/types\/post"}],"author":[{"embeddable":true,"href":"https:\/\/www.confere.org.br\/wordpress\/wp-json\/wp\/v2\/users\/3"}],"replies":[{"embeddable":true,"href":"https:\/\/www.confere.org.br\/wordpress\/wp-json\/wp\/v2\/comments?post=6233"}],"version-history":[{"count":2,"href":"https:\/\/www.confere.org.br\/wordpress\/wp-json\/wp\/v2\/posts\/6233\/revisions"}],"predecessor-version":[{"id":6240,"href":"https:\/\/www.confere.org.br\/wordpress\/wp-json\/wp\/v2\/posts\/6233\/revisions\/6240"}],"wp:attachment":[{"href":"https:\/\/www.confere.org.br\/wordpress\/wp-json\/wp\/v2\/media?parent=6233"}],"wp:term":[{"taxonomy":"category","embeddable":true,"href":"https:\/\/www.confere.org.br\/wordpress\/wp-json\/wp\/v2\/categories?post=6233"},{"taxonomy":"post_tag","embeddable":true,"href":"https:\/\/www.confere.org.br\/wordpress\/wp-json\/wp\/v2\/tags?post=6233"}],"curies":[{"name":"wp","href":"https:\/\/api.w.org\/{rel}","templated":true}]}}