{"id":6236,"date":"2021-11-30T11:08:52","date_gmt":"2021-11-30T13:08:52","guid":{"rendered":"https:\/\/www.confere.org.br\/wordpress\/?p=6236"},"modified":"2021-11-30T11:08:53","modified_gmt":"2021-11-30T13:08:53","slug":"uso-de-cartoes-cresceu-cerca-de-22-na-black-friday","status":"publish","type":"post","link":"https:\/\/www.confere.org.br\/wordpress\/uso-de-cartoes-cresceu-cerca-de-22-na-black-friday\/","title":{"rendered":"Uso de cart\u00f5es cresceu cerca de 22% na Black Friday"},"content":{"rendered":"\n<p>Compras com cart\u00f5es de cr\u00e9dito, d\u00e9bito e pr\u00e9-pago podem ter superado R$ 28 bilh\u00f5es na Black Friday deste ano no Brasil, crescimento de aproximadamente 22% em compara\u00e7\u00e3o com 2020. Os dados foram colhidos, no per\u00edodo de 25 e&nbsp;26 de novembro, pela Associa\u00e7\u00e3o Brasileira das Empresas de Cart\u00f5es de Cr\u00e9dito e Servi\u00e7os (Abecs).<img src=\"https:\/\/agenciabrasil.ebc.com.br\/ebc.png?id=1429671&amp;o=node\"><img src=\"https:\/\/agenciabrasil.ebc.com.br\/ebc.gif?id=1429671&amp;o=node\"><\/p>\n\n\n\n<p>O uso dos cart\u00f5es na internet, aplicativos e outros tipos de compras n\u00e3o presenciais teve alta de cerca de 30% no per\u00edodo. As novas tend\u00eancias de consumo ganharam evid\u00eancia na pandemia, com forte est\u00edmulo \u00e0s vendas online. Pagamentos n\u00e3o presenciais representam&nbsp;hoje&nbsp;cerca de 35% de todos os gastos realizados com o cart\u00e3o de cr\u00e9dito.<\/p>\n\n\n\n<p>Entre os itens mais buscados na Black Friday deste ano est\u00e3o alimentos, que representou aproximadamente 20% dos gastos, al\u00e9m de produtos de higiene e beleza. As compras de produtos eletroeletr\u00f4nicos acabaram em segundo plano neste ano.<\/p>\n\n\n\n<p><br><br>Fonte: <a href=\"https:\/\/agenciabrasil.ebc.com.br\/economia\/noticia\/2021-11\/uso-de-cartoes-cresceu-cerca-de-22-na-black-friday\" target=\"_blank\" rel=\"noreferrer noopener\">Ag\u00eancia Brasil<\/a><\/p>\n","protected":false},"excerpt":{"rendered":"<p>Os dados foram colhidos no per\u00edodo de 25 e 26 de novembro<\/p>\n","protected":false},"author":3,"featured_media":3516,"comment_status":"closed","ping_status":"closed","sticky":false,"template":"","format":"standard","meta":[],"categories":[2],"tags":[],"_links":{"self":[{"href":"https:\/\/www.confere.org.br\/wordpress\/wp-json\/wp\/v2\/posts\/6236"}],"collection":[{"href":"https:\/\/www.confere.org.br\/wordpress\/wp-json\/wp\/v2\/posts"}],"about":[{"href":"https:\/\/www.confere.org.br\/wordpress\/wp-json\/wp\/v2\/types\/post"}],"author":[{"embeddable":true,"href":"https:\/\/www.confere.org.br\/wordpress\/wp-json\/wp\/v2\/users\/3"}],"replies":[{"embeddable":true,"href":"https:\/\/www.confere.org.br\/wordpress\/wp-json\/wp\/v2\/comments?post=6236"}],"version-history":[{"count":1,"href":"https:\/\/www.confere.org.br\/wordpress\/wp-json\/wp\/v2\/posts\/6236\/revisions"}],"predecessor-version":[{"id":6237,"href":"https:\/\/www.confere.org.br\/wordpress\/wp-json\/wp\/v2\/posts\/6236\/revisions\/6237"}],"wp:featuredmedia":[{"embeddable":true,"href":"https:\/\/www.confere.org.br\/wordpress\/wp-json\/wp\/v2\/media\/3516"}],"wp:attachment":[{"href":"https:\/\/www.confere.org.br\/wordpress\/wp-json\/wp\/v2\/media?parent=6236"}],"wp:term":[{"taxonomy":"category","embeddable":true,"href":"https:\/\/www.confere.org.br\/wordpress\/wp-json\/wp\/v2\/categories?post=6236"},{"taxonomy":"post_tag","embeddable":true,"href":"https:\/\/www.confere.org.br\/wordpress\/wp-json\/wp\/v2\/tags?post=6236"}],"curies":[{"name":"wp","href":"https:\/\/api.w.org\/{rel}","templated":true}]}}