{"id":6260,"date":"2021-12-08T10:47:07","date_gmt":"2021-12-08T12:47:07","guid":{"rendered":"https:\/\/www.confere.org.br\/wordpress\/?p=6260"},"modified":"2021-12-08T10:47:09","modified_gmt":"2021-12-08T12:47:09","slug":"pequenos-negocios-geraram-quase-80-das-vagas-de-trabalho-em-outubro","status":"publish","type":"post","link":"https:\/\/www.confere.org.br\/wordpress\/pequenos-negocios-geraram-quase-80-das-vagas-de-trabalho-em-outubro\/","title":{"rendered":"Pequenos neg\u00f3cios geraram quase 80% das vagas de trabalho em outubro"},"content":{"rendered":"\n<p>Com a abertura de 201,7 mil&nbsp;<a href=\"https:\/\/agenciabrasil.ebc.com.br\/economia\/noticia\/2021-11\/caged-brasil-criou-253-mil-vagas-de-emprego-em-outubro\" target=\"_blank\" rel=\"noreferrer noopener\">novos postos<\/a>&nbsp;de trabalho, as micro e pequenas empresas foram as respons\u00e1veis por 79,7% das 253 mil vagas criadas no m\u00eas&nbsp;de outubro. O levantamento \u00e9 do Servi\u00e7o Brasileiro de Apoio \u00e0s Micro e Pequenas Empresas (Sebrae), com base nos dados do Cadastro Geral de Empregados e Desempregados (Caged). Nos meses anteriores, segundo o Sebrae, esse percentual girava em torno de 70%.<img src=\"https:\/\/agenciabrasil.ebc.com.br\/ebc.png?id=1430892&amp;o=node\"><img src=\"https:\/\/agenciabrasil.ebc.com.br\/ebc.gif?id=1430892&amp;o=node\"><\/p>\n\n\n\n<p>Segundo o presidente do Sebrae, Carlos Melles, mesmo com a nova metodologia adotada pelo Caged, as micro e pequenas empresas (MPE) mantiveram o bom desempenho apresentado desde a retomada da gera\u00e7\u00e3o de empregos no pa\u00eds. \u201cMesmo com um quantitativo menor do que o observado nos \u00faltimos meses, devido \u00e0 mudan\u00e7a de metodologia, os pequenos neg\u00f3cios s\u00e3o os que mais t\u00eam ajudado no aumento da cria\u00e7\u00e3o dos novos postos de trabalho no pa\u00eds. S\u00e3o eles os grandes respons\u00e1veis pelo sustento de milh\u00f5es de fam\u00edlias brasileiras\u201d, ressaltou&nbsp;Melles, em nota.<\/p>\n\n\n\n<p>No acumulado do ano, 72,7% das vagas criadas entre os meses&nbsp;de janeiro&nbsp;e outubro s\u00e3o dos pequenos neg\u00f3cios. No total, foram gerados, no Brasil, 2,6 milh\u00f5es de empregos, sendo que as micro e pequenas empresas s\u00e3o respons\u00e1veis por 1,9 milh\u00e3o. \u201cNo&nbsp;m\u00eas&nbsp;de outubro, o acumulado de vagas criadas pelas MPE cresceu de cerca 1,8 milh\u00e3o para 1,9 milh\u00e3o, enquanto nas m\u00e9dias e grandes, o incremento foi de apenas 3&nbsp;mil vagas, passando de 587,7 mil para 590,7 mil\u201d, observou&nbsp;o presidente do Sebrae.<\/p>\n\n\n\n<h4><br>Setores<\/h4>\n\n\n\n<p>Quando analisada a gera\u00e7\u00e3o de empregos por setor, no m\u00eas\u00a0de outubro, as micro e pequenas empresas do segmento de servi\u00e7os foram as que mais criaram vagas (87,5 mil), como vem ocorrendo nos \u00faltimos meses. Em segundo lugar ficaram as empresas do com\u00e9rcio, com 61,3 mil novos postos de trabalho, seguidas pelas da ind\u00fastria de\u00a0transforma\u00e7\u00e3o (28,4 mil) e constru\u00e7\u00e3o civil (22,6 mil). J\u00e1 os pequenos neg\u00f3cios da agropecu\u00e1ria apresentaram saldo negativo de 1.153 vagas.<br><br>Ao analisar as empresas de m\u00e9dio e grande porte, no mesmo per\u00edodo, dos principais setores monitorados, tr\u00eas apresentaram saldo negativo. Constru\u00e7\u00e3o, com fechamento de 6,7 mil vagas, seguida pela agropecu\u00e1ria (- 2,3 mil) e ind\u00fastria de\u00a0transforma\u00e7\u00e3o (- 81). Nesse segmento, o setor de servi\u00e7os apresentou incremento de 53,9 mil vagas e o com\u00e9rcio, de 7,1 mil novos postos.<\/p>\n\n\n\n<p><br><br>Fonte: <a href=\"https:\/\/agenciabrasil.ebc.com.br\/economia\/noticia\/2021-12\/pequenos-negocios-geraram-quase-80-das-vagas-de-trabalho-em-outubro\" target=\"_blank\" rel=\"noreferrer noopener\">Ag\u00eancia Brasil<\/a><\/p>\n","protected":false},"excerpt":{"rendered":"<p>Levantamento \u00e9 do Sebrae, com base em dados do Caged<\/p>\n","protected":false},"author":3,"featured_media":6125,"comment_status":"closed","ping_status":"closed","sticky":false,"template":"","format":"standard","meta":[],"categories":[2],"tags":[],"_links":{"self":[{"href":"https:\/\/www.confere.org.br\/wordpress\/wp-json\/wp\/v2\/posts\/6260"}],"collection":[{"href":"https:\/\/www.confere.org.br\/wordpress\/wp-json\/wp\/v2\/posts"}],"about":[{"href":"https:\/\/www.confere.org.br\/wordpress\/wp-json\/wp\/v2\/types\/post"}],"author":[{"embeddable":true,"href":"https:\/\/www.confere.org.br\/wordpress\/wp-json\/wp\/v2\/users\/3"}],"replies":[{"embeddable":true,"href":"https:\/\/www.confere.org.br\/wordpress\/wp-json\/wp\/v2\/comments?post=6260"}],"version-history":[{"count":1,"href":"https:\/\/www.confere.org.br\/wordpress\/wp-json\/wp\/v2\/posts\/6260\/revisions"}],"predecessor-version":[{"id":6261,"href":"https:\/\/www.confere.org.br\/wordpress\/wp-json\/wp\/v2\/posts\/6260\/revisions\/6261"}],"wp:featuredmedia":[{"embeddable":true,"href":"https:\/\/www.confere.org.br\/wordpress\/wp-json\/wp\/v2\/media\/6125"}],"wp:attachment":[{"href":"https:\/\/www.confere.org.br\/wordpress\/wp-json\/wp\/v2\/media?parent=6260"}],"wp:term":[{"taxonomy":"category","embeddable":true,"href":"https:\/\/www.confere.org.br\/wordpress\/wp-json\/wp\/v2\/categories?post=6260"},{"taxonomy":"post_tag","embeddable":true,"href":"https:\/\/www.confere.org.br\/wordpress\/wp-json\/wp\/v2\/tags?post=6260"}],"curies":[{"name":"wp","href":"https:\/\/api.w.org\/{rel}","templated":true}]}}