{"id":6262,"date":"2021-12-08T15:50:02","date_gmt":"2021-12-08T17:50:02","guid":{"rendered":"https:\/\/www.confere.org.br\/wordpress\/?p=6262"},"modified":"2021-12-08T15:50:04","modified_gmt":"2021-12-08T17:50:04","slug":"9-de-dezembro-aniversario-da-lei-no-4-886-65","status":"publish","type":"post","link":"https:\/\/www.confere.org.br\/wordpress\/9-de-dezembro-aniversario-da-lei-no-4-886-65\/","title":{"rendered":"9 de dezembro, anivers\u00e1rio da Lei n\u00ba 4.886\/65"},"content":{"rendered":"\n<p>Passados 56 anos da&nbsp;regulamenta\u00e7\u00e3o da profiss\u00e3o do Representante Comercial no Brasil, temos muito o que comemorar. Seja pelos direitos conquistados, pala uni\u00e3o da categoria ou por garantirmos o abastecimento do pa\u00eds de norte a sul, o dia 9 de dezembro \u00e9 nosso e nossa for\u00e7a move a ind\u00fastria, o com\u00e9rcio e a economia.<\/p>\n\n\n\n<p>Motivados pela vontade de crescer e inovar, desejamos que todos os profissionais estejam cada vez mais engajados na constru\u00e7\u00e3o dos nossos direitos e de uma identidade pr\u00f3spera e s\u00f3lida da nossa profiss\u00e3o.&nbsp;<\/p>\n\n\n\n<p>O Confere segue&nbsp;regulamentando os percursos e caminhando&nbsp;ao seu lado.&nbsp;<\/p>\n","protected":false},"excerpt":{"rendered":"<p>56 anos de regulamenta\u00e7\u00e3o da Representa\u00e7\u00e3o Comercial no Brasil<\/p>\n","protected":false},"author":3,"featured_media":6263,"comment_status":"closed","ping_status":"closed","sticky":false,"template":"","format":"standard","meta":[],"categories":[34,49,17],"tags":[],"_links":{"self":[{"href":"https:\/\/www.confere.org.br\/wordpress\/wp-json\/wp\/v2\/posts\/6262"}],"collection":[{"href":"https:\/\/www.confere.org.br\/wordpress\/wp-json\/wp\/v2\/posts"}],"about":[{"href":"https:\/\/www.confere.org.br\/wordpress\/wp-json\/wp\/v2\/types\/post"}],"author":[{"embeddable":true,"href":"https:\/\/www.confere.org.br\/wordpress\/wp-json\/wp\/v2\/users\/3"}],"replies":[{"embeddable":true,"href":"https:\/\/www.confere.org.br\/wordpress\/wp-json\/wp\/v2\/comments?post=6262"}],"version-history":[{"count":1,"href":"https:\/\/www.confere.org.br\/wordpress\/wp-json\/wp\/v2\/posts\/6262\/revisions"}],"predecessor-version":[{"id":6264,"href":"https:\/\/www.confere.org.br\/wordpress\/wp-json\/wp\/v2\/posts\/6262\/revisions\/6264"}],"wp:featuredmedia":[{"embeddable":true,"href":"https:\/\/www.confere.org.br\/wordpress\/wp-json\/wp\/v2\/media\/6263"}],"wp:attachment":[{"href":"https:\/\/www.confere.org.br\/wordpress\/wp-json\/wp\/v2\/media?parent=6262"}],"wp:term":[{"taxonomy":"category","embeddable":true,"href":"https:\/\/www.confere.org.br\/wordpress\/wp-json\/wp\/v2\/categories?post=6262"},{"taxonomy":"post_tag","embeddable":true,"href":"https:\/\/www.confere.org.br\/wordpress\/wp-json\/wp\/v2\/tags?post=6262"}],"curies":[{"name":"wp","href":"https:\/\/api.w.org\/{rel}","templated":true}]}}