{"id":6269,"date":"2021-12-09T10:24:56","date_gmt":"2021-12-09T12:24:56","guid":{"rendered":"https:\/\/www.confere.org.br\/wordpress\/?p=6269"},"modified":"2022-11-18T10:36:56","modified_gmt":"2022-11-18T13:36:56","slug":"2021-resolucao-no-1-197-2021","status":"publish","type":"post","link":"https:\/\/www.confere.org.br\/wordpress\/2021-resolucao-no-1-197-2021\/","title":{"rendered":"2021 &#8211; Resolu\u00e7\u00e3o n\u00ba 1.197\/2021"},"content":{"rendered":"\n<p>Disp\u00f5e sobre o trabalho presencial e remoto, ante \u00e0 pandemia causada pelo Novo Coronav\u00edrus, causador da Covid-19.<\/p>\n\n\n\n<p><a href=\"https:\/\/www.confere.org.br\/wordpress\/wp-content\/uploads\/2021\/12\/RESOLUCAO-N-1197-2021___.pdf\" target=\"_blank\" rel=\"noreferrer noopener\">https:\/\/www.confere.org.br\/wordpress\/wp-content\/uploads\/2021\/12\/RESOLUCAO-N-1197-2021___.pdf<\/a><\/p>\n","protected":false},"excerpt":{"rendered":"<p>1.197, Resolu\u00e7\u00e3o, https:\/\/www.confere.org.br\/wordpress\/wp-content\/uploads\/2021\/12\/RESOLUCAO-N-1197-2021___.pdf<\/p>\n","protected":false},"author":3,"featured_media":0,"comment_status":"closed","ping_status":"closed","sticky":false,"template":"","format":"standard","meta":[],"categories":[52],"tags":[],"_links":{"self":[{"href":"https:\/\/www.confere.org.br\/wordpress\/wp-json\/wp\/v2\/posts\/6269"}],"collection":[{"href":"https:\/\/www.confere.org.br\/wordpress\/wp-json\/wp\/v2\/posts"}],"about":[{"href":"https:\/\/www.confere.org.br\/wordpress\/wp-json\/wp\/v2\/types\/post"}],"author":[{"embeddable":true,"href":"https:\/\/www.confere.org.br\/wordpress\/wp-json\/wp\/v2\/users\/3"}],"replies":[{"embeddable":true,"href":"https:\/\/www.confere.org.br\/wordpress\/wp-json\/wp\/v2\/comments?post=6269"}],"version-history":[{"count":2,"href":"https:\/\/www.confere.org.br\/wordpress\/wp-json\/wp\/v2\/posts\/6269\/revisions"}],"predecessor-version":[{"id":6274,"href":"https:\/\/www.confere.org.br\/wordpress\/wp-json\/wp\/v2\/posts\/6269\/revisions\/6274"}],"wp:attachment":[{"href":"https:\/\/www.confere.org.br\/wordpress\/wp-json\/wp\/v2\/media?parent=6269"}],"wp:term":[{"taxonomy":"category","embeddable":true,"href":"https:\/\/www.confere.org.br\/wordpress\/wp-json\/wp\/v2\/categories?post=6269"},{"taxonomy":"post_tag","embeddable":true,"href":"https:\/\/www.confere.org.br\/wordpress\/wp-json\/wp\/v2\/tags?post=6269"}],"curies":[{"name":"wp","href":"https:\/\/api.w.org\/{rel}","templated":true}]}}