{"id":6299,"date":"2021-12-14T09:53:48","date_gmt":"2021-12-14T11:53:48","guid":{"rendered":"https:\/\/www.confere.org.br\/wordpress\/?p=6299"},"modified":"2021-12-14T09:53:49","modified_gmt":"2021-12-14T11:53:49","slug":"nota-de-falecimento-5","status":"publish","type":"post","link":"https:\/\/www.confere.org.br\/wordpress\/nota-de-falecimento-5\/","title":{"rendered":"Nota de Falecimento"},"content":{"rendered":"\n<p>O vel\u00f3rio ser\u00e1 a partir das 00:00 dessa ter\u00e7a-feira (14), na Capela Jardins, Sala das Orqu\u00eddeas.<\/p>\n\n\n\n<p>Em respeito a esse grande desbravador de Mato Grosso, nesse momento de luto, a sede do Core-MT, em Cuiab\u00e1, estar\u00e1 fechada para que todos tenham a oportunidade de acompanhar a \u00faltima despedida.<\/p>\n\n\n\n<p>Nosso profundo respeito ao representante comercial Moacyr de Moraes Navarros, que tanto colaborou para o fortalecimento da categoria.<\/p>\n","protected":false},"excerpt":{"rendered":"<p>O Confere lamenta a morte do conselheiro, fundador, atual vice-presidente do Core-MT e membro do Sirecom, Moacyr de Moraes Navarros.<\/p>\n","protected":false},"author":3,"featured_media":4288,"comment_status":"closed","ping_status":"closed","sticky":false,"template":"","format":"standard","meta":[],"categories":[34,49],"tags":[],"_links":{"self":[{"href":"https:\/\/www.confere.org.br\/wordpress\/wp-json\/wp\/v2\/posts\/6299"}],"collection":[{"href":"https:\/\/www.confere.org.br\/wordpress\/wp-json\/wp\/v2\/posts"}],"about":[{"href":"https:\/\/www.confere.org.br\/wordpress\/wp-json\/wp\/v2\/types\/post"}],"author":[{"embeddable":true,"href":"https:\/\/www.confere.org.br\/wordpress\/wp-json\/wp\/v2\/users\/3"}],"replies":[{"embeddable":true,"href":"https:\/\/www.confere.org.br\/wordpress\/wp-json\/wp\/v2\/comments?post=6299"}],"version-history":[{"count":1,"href":"https:\/\/www.confere.org.br\/wordpress\/wp-json\/wp\/v2\/posts\/6299\/revisions"}],"predecessor-version":[{"id":6300,"href":"https:\/\/www.confere.org.br\/wordpress\/wp-json\/wp\/v2\/posts\/6299\/revisions\/6300"}],"wp:featuredmedia":[{"embeddable":true,"href":"https:\/\/www.confere.org.br\/wordpress\/wp-json\/wp\/v2\/media\/4288"}],"wp:attachment":[{"href":"https:\/\/www.confere.org.br\/wordpress\/wp-json\/wp\/v2\/media?parent=6299"}],"wp:term":[{"taxonomy":"category","embeddable":true,"href":"https:\/\/www.confere.org.br\/wordpress\/wp-json\/wp\/v2\/categories?post=6299"},{"taxonomy":"post_tag","embeddable":true,"href":"https:\/\/www.confere.org.br\/wordpress\/wp-json\/wp\/v2\/tags?post=6299"}],"curies":[{"name":"wp","href":"https:\/\/api.w.org\/{rel}","templated":true}]}}