{"id":6315,"date":"2021-12-15T07:14:42","date_gmt":"2021-12-15T09:14:42","guid":{"rendered":"https:\/\/www.confere.org.br\/wordpress\/?p=6315"},"modified":"2021-12-15T07:14:43","modified_gmt":"2021-12-15T09:14:43","slug":"core-sp-presta-homenagem-ao-deputado-federal-vicentinho-pt-sp-na-camara-dos-deputados","status":"publish","type":"post","link":"https:\/\/www.confere.org.br\/wordpress\/core-sp-presta-homenagem-ao-deputado-federal-vicentinho-pt-sp-na-camara-dos-deputados\/","title":{"rendered":"Core-SP presta homenagem ao deputado federal Vicentinho (PT-SP), na C\u00e2mara dos Deputados\u00a0"},"content":{"rendered":"\n<p>Na tarde de ontem, dia 14 de dezembro, o Core-SP homenageou o deputado federal Vicentinho (PT-SP), em seu gabinete na C\u00e2mara dos Deputados, acompanhado do diretor-presidente do Confere, Manoel Affonso Mendes.\u00a0<\/p>\n\n\n\n<p>Na reuni\u00e3o, foi entregue ao parlamentar, 2\u00ba vice-presidente da CTASP, o Trof\u00e9u \u201cO Mascate\u201d, pela sua brilhante atua\u00e7\u00e3o em defesa dos representantes comerciais, contra o Projeto de Lei n\u00ba 5.761\/2019, que tramitou naquela Comiss\u00e3o Permanente.&nbsp;<\/p>\n\n\n\n<p>\u201cEra essencial agradecer e reconhecer, em nome dos representantes comerciais do Estado de S\u00e3o Paulo e de todo o Brasil, a receptividade desde o in\u00edcio do deputado Vicentinho, que apoiou as nossas demandas, entendeu o quanto o PL era danoso e movimentou outros parlamentares para a nossa luta\u201d, destacou Sidney Fernandes Gutierrez, diretor-presidente do Core-SP.&nbsp;<\/p>\n\n\n\n<p>\u201cEstou emocionado com a homenagem, me sinto altamente honrado. Isso me compromete ainda mais com os nossos representantes comerciais. Eu sei da import\u00e2ncia dessa categoria. Contem comigo enquanto eu for deputado\u201d, afirmou Vicentinho.&nbsp;<\/p>\n\n\n\n<p>Para o diretor-presidente do Confere, Manoel Affonso Mendes, a homenagem \u00e9 just\u00edssima: \u201cO deputado defendeu a manuten\u00e7\u00e3o dos nossos direitos e a legisla\u00e7\u00e3o vigente \u2013 a Lei n\u00ba 4.886\/65, que regulamenta a nossa profiss\u00e3o\u201d.&nbsp;<\/p>\n\n\n\n<p>Tamb\u00e9m estiveram presentes no encontro Henrique Ellery, chefe do escrit\u00f3rio de Rela\u00e7\u00f5es Institucionais do Confere e Paulo Porto, chefe da Procuradoria do Core-SP.&nbsp;<\/p>\n","protected":false},"excerpt":{"rendered":"<p>Na tarde de ontem, dia 14 de dezembro, o Core-SP homenageou o deputado federal Vicentinho (PT-SP), em seu gabinete na C\u00e2mara dos Deputados, acompanhado do diretor-presidente do Confere, Manoel Affonso Mendes.\u00a0<\/p>\n","protected":false},"author":3,"featured_media":6311,"comment_status":"closed","ping_status":"closed","sticky":false,"template":"","format":"standard","meta":[],"categories":[34,49],"tags":[],"_links":{"self":[{"href":"https:\/\/www.confere.org.br\/wordpress\/wp-json\/wp\/v2\/posts\/6315"}],"collection":[{"href":"https:\/\/www.confere.org.br\/wordpress\/wp-json\/wp\/v2\/posts"}],"about":[{"href":"https:\/\/www.confere.org.br\/wordpress\/wp-json\/wp\/v2\/types\/post"}],"author":[{"embeddable":true,"href":"https:\/\/www.confere.org.br\/wordpress\/wp-json\/wp\/v2\/users\/3"}],"replies":[{"embeddable":true,"href":"https:\/\/www.confere.org.br\/wordpress\/wp-json\/wp\/v2\/comments?post=6315"}],"version-history":[{"count":1,"href":"https:\/\/www.confere.org.br\/wordpress\/wp-json\/wp\/v2\/posts\/6315\/revisions"}],"predecessor-version":[{"id":6316,"href":"https:\/\/www.confere.org.br\/wordpress\/wp-json\/wp\/v2\/posts\/6315\/revisions\/6316"}],"wp:featuredmedia":[{"embeddable":true,"href":"https:\/\/www.confere.org.br\/wordpress\/wp-json\/wp\/v2\/media\/6311"}],"wp:attachment":[{"href":"https:\/\/www.confere.org.br\/wordpress\/wp-json\/wp\/v2\/media?parent=6315"}],"wp:term":[{"taxonomy":"category","embeddable":true,"href":"https:\/\/www.confere.org.br\/wordpress\/wp-json\/wp\/v2\/categories?post=6315"},{"taxonomy":"post_tag","embeddable":true,"href":"https:\/\/www.confere.org.br\/wordpress\/wp-json\/wp\/v2\/tags?post=6315"}],"curies":[{"name":"wp","href":"https:\/\/api.w.org\/{rel}","templated":true}]}}