{"id":6318,"date":"2021-12-15T11:06:49","date_gmt":"2021-12-15T13:06:49","guid":{"rendered":"https:\/\/www.confere.org.br\/wordpress\/?p=6318"},"modified":"2022-10-13T09:29:11","modified_gmt":"2022-10-13T12:29:11","slug":"processo-de-dispensa-no-033-2021-licencas-de-uso-dos-softwares-microsoft-365-business-standard","status":"publish","type":"post","link":"https:\/\/www.confere.org.br\/wordpress\/processo-de-dispensa-no-033-2021-licencas-de-uso-dos-softwares-microsoft-365-business-standard\/","title":{"rendered":"Processo de Dispensa n\u00ba 033\/2021 &#8211; Licen\u00e7as  de  uso  dos softwares  Microsoft  365  Business  Standard"},"content":{"rendered":"\n<p>Contratada: W4IT &#8211; COMERCIO E SERVI\u00c7OS DE INFORM\u00c1TICA LTDA ME<\/p>\n\n\n\n<p>Objeto: Contrata\u00e7\u00e3o de servi\u00e7os de subscri\u00e7\u00e3o de licen\u00e7as de uso dos softwares Microsoft 365 Business Standard.<\/p>\n\n\n\n<p><a rel=\"noreferrer noopener\" href=\"https:\/\/www.confere.org.br\/wordpress\/wp-content\/uploads\/2021\/12\/Extrato-DOU-W4IT.pdf\" target=\"_blank\">Extrato do Termo Aditivo<\/a><\/p>\n","protected":false},"excerpt":{"rendered":"<p>Contratada: W4IT &#8211; COMERCIO E SERVI\u00c7OS DE INFORM\u00c1TICA LTDA ME Objeto: Contrata\u00e7\u00e3o de servi\u00e7os de subscri\u00e7\u00e3o de licen\u00e7as de uso dos softwares Microsoft 365 Business Standard. Extrato do Termo Aditivo<\/p>\n","protected":false},"author":3,"featured_media":0,"comment_status":"closed","ping_status":"closed","sticky":false,"template":"","format":"standard","meta":[],"categories":[55],"tags":[],"_links":{"self":[{"href":"https:\/\/www.confere.org.br\/wordpress\/wp-json\/wp\/v2\/posts\/6318"}],"collection":[{"href":"https:\/\/www.confere.org.br\/wordpress\/wp-json\/wp\/v2\/posts"}],"about":[{"href":"https:\/\/www.confere.org.br\/wordpress\/wp-json\/wp\/v2\/types\/post"}],"author":[{"embeddable":true,"href":"https:\/\/www.confere.org.br\/wordpress\/wp-json\/wp\/v2\/users\/3"}],"replies":[{"embeddable":true,"href":"https:\/\/www.confere.org.br\/wordpress\/wp-json\/wp\/v2\/comments?post=6318"}],"version-history":[{"count":2,"href":"https:\/\/www.confere.org.br\/wordpress\/wp-json\/wp\/v2\/posts\/6318\/revisions"}],"predecessor-version":[{"id":6320,"href":"https:\/\/www.confere.org.br\/wordpress\/wp-json\/wp\/v2\/posts\/6318\/revisions\/6320"}],"wp:attachment":[{"href":"https:\/\/www.confere.org.br\/wordpress\/wp-json\/wp\/v2\/media?parent=6318"}],"wp:term":[{"taxonomy":"category","embeddable":true,"href":"https:\/\/www.confere.org.br\/wordpress\/wp-json\/wp\/v2\/categories?post=6318"},{"taxonomy":"post_tag","embeddable":true,"href":"https:\/\/www.confere.org.br\/wordpress\/wp-json\/wp\/v2\/tags?post=6318"}],"curies":[{"name":"wp","href":"https:\/\/api.w.org\/{rel}","templated":true}]}}