{"id":6321,"date":"2021-12-15T11:48:36","date_gmt":"2021-12-15T13:48:36","guid":{"rendered":"https:\/\/www.confere.org.br\/wordpress\/?p=6321"},"modified":"2021-12-15T11:48:37","modified_gmt":"2021-12-15T13:48:37","slug":"vendas-no-varejo-em-novembro-sobem-21-sobre-um-ano-antes-diz-icva","status":"publish","type":"post","link":"https:\/\/www.confere.org.br\/wordpress\/vendas-no-varejo-em-novembro-sobem-21-sobre-um-ano-antes-diz-icva\/","title":{"rendered":"Vendas no varejo em novembro sobem 2,1% sobre um ano antes, diz ICVA"},"content":{"rendered":"\n<p>As vendas do com\u00e9rcio varejistas subiram 2,1% em novembro, descontada a infla\u00e7\u00e3o, ap\u00f3s ca\u00edrem 0,8% em outubro, segundo o \u00edndice ICVA, calculado pela Cielo com base no movimento de suas m\u00e1quinas de pagamentos usadas por lojas clientes da companhia.<\/p>\n\n\n\n<p>Mas, desconsiderando tamb\u00e9m efeitos de calend\u00e1rio, as vendas de novembro subiram 1,2% sobre o mesmo per\u00edodo do ano passado.<\/p>\n\n\n\n<p>\u201cUm poss\u00edvel fator que colaborou com o fechamento positivo do \u00edndice foi a dilui\u00e7\u00e3o das vendas relacionadas \u00e0 Black Friday durante todo o m\u00eas de novembro. Isso ficou comprovado porque o crescimento das vendas no final de semana da Black Friday em si foi inferior ao apurado no restante do m\u00eas\u201d, afirmou a Cielo em comunicado ao mercado.<\/p>\n\n\n\n<p>\u201cEntretanto, apesar do fechamento positivo deste m\u00eas, quando descontado o efeito inflacion\u00e1rio no per\u00edodo, o varejo ainda se encontra abaixo do patamar observado no mesmo per\u00edodo em 2019\u201d, acrescentou a companhia.<\/p>\n\n\n\n<p><br>Fonte: <a rel=\"noreferrer noopener\" href=\"https:\/\/6minutos.uol.com.br\/negocios\/vendas-no-varejo-em-novembro-sobem-21-sobre-um-ano-antes-diz-icva\/\" target=\"_blank\">www.6minutos.uol.com.br<\/a><\/p>\n","protected":false},"excerpt":{"rendered":"<p>O varejo nacional teve alta modesta nas vendas em novembro sobre um ano antes, ap\u00f3s queda em outubro, quando o desempenho interromeu ciclo positivo de seis meses, segundo dados levantados pela empresa de meios de pagamento Cielo e divulgados nesta quarta-feira.<\/p>\n","protected":false},"author":3,"featured_media":4856,"comment_status":"closed","ping_status":"closed","sticky":false,"template":"","format":"standard","meta":[],"categories":[2],"tags":[],"_links":{"self":[{"href":"https:\/\/www.confere.org.br\/wordpress\/wp-json\/wp\/v2\/posts\/6321"}],"collection":[{"href":"https:\/\/www.confere.org.br\/wordpress\/wp-json\/wp\/v2\/posts"}],"about":[{"href":"https:\/\/www.confere.org.br\/wordpress\/wp-json\/wp\/v2\/types\/post"}],"author":[{"embeddable":true,"href":"https:\/\/www.confere.org.br\/wordpress\/wp-json\/wp\/v2\/users\/3"}],"replies":[{"embeddable":true,"href":"https:\/\/www.confere.org.br\/wordpress\/wp-json\/wp\/v2\/comments?post=6321"}],"version-history":[{"count":1,"href":"https:\/\/www.confere.org.br\/wordpress\/wp-json\/wp\/v2\/posts\/6321\/revisions"}],"predecessor-version":[{"id":6322,"href":"https:\/\/www.confere.org.br\/wordpress\/wp-json\/wp\/v2\/posts\/6321\/revisions\/6322"}],"wp:featuredmedia":[{"embeddable":true,"href":"https:\/\/www.confere.org.br\/wordpress\/wp-json\/wp\/v2\/media\/4856"}],"wp:attachment":[{"href":"https:\/\/www.confere.org.br\/wordpress\/wp-json\/wp\/v2\/media?parent=6321"}],"wp:term":[{"taxonomy":"category","embeddable":true,"href":"https:\/\/www.confere.org.br\/wordpress\/wp-json\/wp\/v2\/categories?post=6321"},{"taxonomy":"post_tag","embeddable":true,"href":"https:\/\/www.confere.org.br\/wordpress\/wp-json\/wp\/v2\/tags?post=6321"}],"curies":[{"name":"wp","href":"https:\/\/api.w.org\/{rel}","templated":true}]}}